{"id":1269,"date":"2020-09-08T15:37:35","date_gmt":"2020-09-08T12:37:35","guid":{"rendered":"http:\/\/localhost\/unam\/?p=1269"},"modified":"2020-09-08T15:49:54","modified_gmt":"2020-09-08T12:49:54","slug":"unam-fakulte-uyesi-dr-onur-tokel-mustafa-parlar-arastirma-tesvik-odulu-aldi","status":"publish","type":"post","link":"https:\/\/unam.bilkent.edu.tr\/en\/2020\/09\/08\/unam-fakulte-uyesi-dr-onur-tokel-mustafa-parlar-arastirma-tesvik-odulu-aldi\/","title":{"rendered":"UNAM Fak\u00fclte \u00dcyesi Dr. Onur Tokel Mustafa Parlar Ara\u015ft\u0131rma Te\u015fvik \u00d6d\u00fcl\u00fc ald\u0131"},"content":{"rendered":"\n<p>Mustafa Parlar Ara\u015ft\u0131rma Te\u015fvik \u00d6d\u00fclleri, Orta Do\u011fu Teknik \u00dcniversitesi Prof. Dr. Mustafa Parlar Vakf\u0131 taraf\u0131ndan, her y\u0131l, Profes\u00f6r Mustafa Parlar\u2019\u0131n onuruna, \u00e7e\u015fitli bilim alanlar\u0131n\u0131n, \u00f6zel ve \u00f6ne \u00e7\u0131kan ara\u015ft\u0131rmalar\u0131yla geli\u015fmesine katk\u0131da bulunan gen\u00e7 ara\u015ft\u0131rmac\u0131lara verilir. UNAM ve Fizik B\u00f6l\u00fcm\u00fc Fak\u00fclte \u00dcyesi Dr. \u00d6\u011fretim \u00dcyesi Onur Tokel lazer malzeme etkile\u015fimlerini geli\u015ftirme ve yeni lazer litografisi yakla\u015f\u0131mlar\u0131n\u0131 geli\u015ftirme \u00e7al\u0131\u015fmalar\u0131 nedeniyle 2019 Mustafa N. Parlar Ara\u015ft\u0131rma Te\u015fvik \u00d6d\u00fcl\u00fc almaya lay\u0131k g\u00f6r\u00fclm\u00fc\u015ft\u00fcr.<\/p>\n","protected":false},"excerpt":{"rendered":"<p>Mustafa Parlar Ara\u015ft\u0131rma Te\u015fvik \u00d6d\u00fclleri, Orta Do\u011fu Teknik \u00dcniversitesi Prof. Dr. Mustafa Parlar Vakf\u0131 taraf\u0131ndan, her y\u0131l, Profes\u00f6r Mustafa Parlar\u2019\u0131n onuruna, \u00e7e\u015fitli bilim alanlar\u0131n\u0131n, \u00f6zel ve \u00f6ne \u00e7\u0131kan ara\u015ft\u0131rmalar\u0131yla geli\u015fmesine [&hellip;]<\/p>\n","protected":false},"author":1,"featured_media":1282,"comment_status":"open","ping_status":"open","sticky":false,"template":"","format":"standard","meta":{"inline_featured_image":false,"footnotes":""},"categories":[17],"tags":[],"class_list":["post-1269","post","type-post","status-publish","format-standard","has-post-thumbnail","hentry","category-faculty-awards-2019"],"yoast_head":"<!-- This site is optimized with the Yoast SEO plugin v19.13 - https:\/\/yoast.com\/wordpress\/plugins\/seo\/ -->\n<title>UNAM Fak\u00fclte \u00dcyesi Dr. Onur Tokel Mustafa Parlar Ara\u015ft\u0131rma Te\u015fvik \u00d6d\u00fcl\u00fc ald\u0131 - UNAM Nanoteknoloji Ara\u015ft\u0131rma Merkezi<\/title>\n<meta name=\"robots\" content=\"index, follow, max-snippet:-1, max-image-preview:large, max-video-preview:-1\" \/>\n<link rel=\"canonical\" href=\"https:\/\/unam.bilkent.edu.tr\/en\/2020\/09\/08\/unam-fakulte-uyesi-dr-onur-tokel-mustafa-parlar-arastirma-tesvik-odulu-aldi\/\" \/>\n<meta property=\"og:locale\" content=\"en_US\" \/>\n<meta property=\"og:type\" content=\"article\" \/>\n<meta property=\"og:title\" content=\"UNAM Fak\u00fclte \u00dcyesi Dr. Onur Tokel Mustafa Parlar Ara\u015ft\u0131rma Te\u015fvik \u00d6d\u00fcl\u00fc ald\u0131 - UNAM Nanoteknoloji Ara\u015ft\u0131rma Merkezi\" \/>\n<meta property=\"og:description\" content=\"Mustafa Parlar Ara\u015ft\u0131rma Te\u015fvik \u00d6d\u00fclleri, Orta Do\u011fu Teknik \u00dcniversitesi Prof. Dr. Mustafa Parlar Vakf\u0131 taraf\u0131ndan, her y\u0131l, Profes\u00f6r Mustafa Parlar\u2019\u0131n onuruna, \u00e7e\u015fitli bilim alanlar\u0131n\u0131n, \u00f6zel ve \u00f6ne \u00e7\u0131kan ara\u015ft\u0131rmalar\u0131yla geli\u015fmesine [&hellip;]\" \/>\n<meta property=\"og:url\" content=\"https:\/\/unam.bilkent.edu.tr\/en\/2020\/09\/08\/unam-fakulte-uyesi-dr-onur-tokel-mustafa-parlar-arastirma-tesvik-odulu-aldi\/\" \/>\n<meta property=\"og:site_name\" content=\"UNAM Nanoteknoloji Ara\u015ft\u0131rma Merkezi\" \/>\n<meta property=\"article:published_time\" content=\"2020-09-08T12:37:35+00:00\" \/>\n<meta property=\"article:modified_time\" content=\"2020-09-08T12:49:54+00:00\" \/>\n<meta property=\"og:image\" content=\"https:\/\/unam.bilkent.edu.tr\/en\/wp-content\/uploads\/2020\/09\/onur_odul2.jpg\" \/>\n\t<meta property=\"og:image:width\" content=\"720\" \/>\n\t<meta property=\"og:image:height\" content=\"480\" \/>\n\t<meta property=\"og:image:type\" content=\"image\/jpeg\" \/>\n<meta name=\"author\" content=\"admin\" \/>\n<meta name=\"twitter:card\" content=\"summary_large_image\" \/>\n<meta name=\"twitter:label1\" content=\"Written by\" \/>\n\t<meta name=\"twitter:data1\" content=\"admin\" \/>\n\t<meta name=\"twitter:label2\" content=\"Est. reading time\" \/>\n\t<meta name=\"twitter:data2\" content=\"1 minute\" \/>\n<script type=\"application\/ld+json\" class=\"yoast-schema-graph\">{\"@context\":\"https:\/\/schema.org\",\"@graph\":[{\"@type\":\"WebPage\",\"@id\":\"https:\/\/unam.bilkent.edu.tr\/en\/2020\/09\/08\/unam-fakulte-uyesi-dr-onur-tokel-mustafa-parlar-arastirma-tesvik-odulu-aldi\/\",\"url\":\"https:\/\/unam.bilkent.edu.tr\/en\/2020\/09\/08\/unam-fakulte-uyesi-dr-onur-tokel-mustafa-parlar-arastirma-tesvik-odulu-aldi\/\",\"name\":\"UNAM Fak\u00fclte \u00dcyesi Dr. Onur Tokel Mustafa Parlar Ara\u015ft\u0131rma Te\u015fvik \u00d6d\u00fcl\u00fc ald\u0131 - UNAM Nanoteknoloji Ara\u015ft\u0131rma Merkezi\",\"isPartOf\":{\"@id\":\"https:\/\/unam.bilkent.edu.tr\/en\/#website\"},\"datePublished\":\"2020-09-08T12:37:35+00:00\",\"dateModified\":\"2020-09-08T12:49:54+00:00\",\"author\":{\"@id\":\"https:\/\/unam.bilkent.edu.tr\/en\/#\/schema\/person\/9c832114a3f29eaf1c4412c949fdd368\"},\"breadcrumb\":{\"@id\":\"https:\/\/unam.bilkent.edu.tr\/en\/2020\/09\/08\/unam-fakulte-uyesi-dr-onur-tokel-mustafa-parlar-arastirma-tesvik-odulu-aldi\/#breadcrumb\"},\"inLanguage\":\"en-US\",\"potentialAction\":[{\"@type\":\"ReadAction\",\"target\":[\"https:\/\/unam.bilkent.edu.tr\/en\/2020\/09\/08\/unam-fakulte-uyesi-dr-onur-tokel-mustafa-parlar-arastirma-tesvik-odulu-aldi\/\"]}]},{\"@type\":\"BreadcrumbList\",\"@id\":\"https:\/\/unam.bilkent.edu.tr\/en\/2020\/09\/08\/unam-fakulte-uyesi-dr-onur-tokel-mustafa-parlar-arastirma-tesvik-odulu-aldi\/#breadcrumb\",\"itemListElement\":[{\"@type\":\"ListItem\",\"position\":1,\"name\":\"Home\",\"item\":\"https:\/\/unam.bilkent.edu.tr\/en\/\"},{\"@type\":\"ListItem\",\"position\":2,\"name\":\"UNAM Fak\u00fclte \u00dcyesi Dr. Onur Tokel Mustafa Parlar Ara\u015ft\u0131rma Te\u015fvik \u00d6d\u00fcl\u00fc ald\u0131\"}]},{\"@type\":\"WebSite\",\"@id\":\"https:\/\/unam.bilkent.edu.tr\/en\/#website\",\"url\":\"https:\/\/unam.bilkent.edu.tr\/en\/\",\"name\":\"UNAM Nanoteknoloji Ara\u015ft\u0131rma Merkezi\",\"description\":\"Bilkent UNAM\",\"potentialAction\":[{\"@type\":\"SearchAction\",\"target\":{\"@type\":\"EntryPoint\",\"urlTemplate\":\"https:\/\/unam.bilkent.edu.tr\/en\/?s={search_term_string}\"},\"query-input\":\"required name=search_term_string\"}],\"inLanguage\":\"en-US\"},{\"@type\":\"Person\",\"@id\":\"https:\/\/unam.bilkent.edu.tr\/en\/#\/schema\/person\/9c832114a3f29eaf1c4412c949fdd368\",\"name\":\"admin\",\"image\":{\"@type\":\"ImageObject\",\"inLanguage\":\"en-US\",\"@id\":\"https:\/\/unam.bilkent.edu.tr\/en\/#\/schema\/person\/image\/\",\"url\":\"https:\/\/secure.gravatar.com\/avatar\/9c99ee6532ccdc5a3d7d2de6d999ff21?s=96&d=mm&r=g\",\"contentUrl\":\"https:\/\/secure.gravatar.com\/avatar\/9c99ee6532ccdc5a3d7d2de6d999ff21?s=96&d=mm&r=g\",\"caption\":\"admin\"},\"url\":\"https:\/\/unam.bilkent.edu.tr\/en\/author\/admin\/\"}]}<\/script>\n<!-- \/ Yoast SEO plugin. -->","yoast_head_json":{"title":"UNAM Fak\u00fclte \u00dcyesi Dr. Onur Tokel Mustafa Parlar Ara\u015ft\u0131rma Te\u015fvik \u00d6d\u00fcl\u00fc ald\u0131 - UNAM Nanoteknoloji Ara\u015ft\u0131rma Merkezi","robots":{"index":"index","follow":"follow","max-snippet":"max-snippet:-1","max-image-preview":"max-image-preview:large","max-video-preview":"max-video-preview:-1"},"canonical":"https:\/\/unam.bilkent.edu.tr\/en\/2020\/09\/08\/unam-fakulte-uyesi-dr-onur-tokel-mustafa-parlar-arastirma-tesvik-odulu-aldi\/","og_locale":"en_US","og_type":"article","og_title":"UNAM Fak\u00fclte \u00dcyesi Dr. Onur Tokel Mustafa Parlar Ara\u015ft\u0131rma Te\u015fvik \u00d6d\u00fcl\u00fc ald\u0131 - UNAM Nanoteknoloji Ara\u015ft\u0131rma Merkezi","og_description":"Mustafa Parlar Ara\u015ft\u0131rma Te\u015fvik \u00d6d\u00fclleri, Orta Do\u011fu Teknik \u00dcniversitesi Prof. Dr. Mustafa Parlar Vakf\u0131 taraf\u0131ndan, her y\u0131l, Profes\u00f6r Mustafa Parlar\u2019\u0131n onuruna, \u00e7e\u015fitli bilim alanlar\u0131n\u0131n, \u00f6zel ve \u00f6ne \u00e7\u0131kan ara\u015ft\u0131rmalar\u0131yla geli\u015fmesine [&hellip;]","og_url":"https:\/\/unam.bilkent.edu.tr\/en\/2020\/09\/08\/unam-fakulte-uyesi-dr-onur-tokel-mustafa-parlar-arastirma-tesvik-odulu-aldi\/","og_site_name":"UNAM Nanoteknoloji Ara\u015ft\u0131rma Merkezi","article_published_time":"2020-09-08T12:37:35+00:00","article_modified_time":"2020-09-08T12:49:54+00:00","og_image":[{"width":720,"height":480,"url":"https:\/\/unam.bilkent.edu.tr\/en\/wp-content\/uploads\/2020\/09\/onur_odul2.jpg","type":"image\/jpeg"}],"author":"admin","twitter_card":"summary_large_image","twitter_misc":{"Written by":"admin","Est. reading time":"1 minute"},"schema":{"@context":"https:\/\/schema.org","@graph":[{"@type":"WebPage","@id":"https:\/\/unam.bilkent.edu.tr\/en\/2020\/09\/08\/unam-fakulte-uyesi-dr-onur-tokel-mustafa-parlar-arastirma-tesvik-odulu-aldi\/","url":"https:\/\/unam.bilkent.edu.tr\/en\/2020\/09\/08\/unam-fakulte-uyesi-dr-onur-tokel-mustafa-parlar-arastirma-tesvik-odulu-aldi\/","name":"UNAM Fak\u00fclte \u00dcyesi Dr. Onur Tokel Mustafa Parlar Ara\u015ft\u0131rma Te\u015fvik \u00d6d\u00fcl\u00fc ald\u0131 - UNAM Nanoteknoloji Ara\u015ft\u0131rma Merkezi","isPartOf":{"@id":"https:\/\/unam.bilkent.edu.tr\/en\/#website"},"datePublished":"2020-09-08T12:37:35+00:00","dateModified":"2020-09-08T12:49:54+00:00","author":{"@id":"https:\/\/unam.bilkent.edu.tr\/en\/#\/schema\/person\/9c832114a3f29eaf1c4412c949fdd368"},"breadcrumb":{"@id":"https:\/\/unam.bilkent.edu.tr\/en\/2020\/09\/08\/unam-fakulte-uyesi-dr-onur-tokel-mustafa-parlar-arastirma-tesvik-odulu-aldi\/#breadcrumb"},"inLanguage":"en-US","potentialAction":[{"@type":"ReadAction","target":["https:\/\/unam.bilkent.edu.tr\/en\/2020\/09\/08\/unam-fakulte-uyesi-dr-onur-tokel-mustafa-parlar-arastirma-tesvik-odulu-aldi\/"]}]},{"@type":"BreadcrumbList","@id":"https:\/\/unam.bilkent.edu.tr\/en\/2020\/09\/08\/unam-fakulte-uyesi-dr-onur-tokel-mustafa-parlar-arastirma-tesvik-odulu-aldi\/#breadcrumb","itemListElement":[{"@type":"ListItem","position":1,"name":"Home","item":"https:\/\/unam.bilkent.edu.tr\/en\/"},{"@type":"ListItem","position":2,"name":"UNAM Fak\u00fclte \u00dcyesi Dr. Onur Tokel Mustafa Parlar Ara\u015ft\u0131rma Te\u015fvik \u00d6d\u00fcl\u00fc ald\u0131"}]},{"@type":"WebSite","@id":"https:\/\/unam.bilkent.edu.tr\/en\/#website","url":"https:\/\/unam.bilkent.edu.tr\/en\/","name":"UNAM Nanoteknoloji Ara\u015ft\u0131rma Merkezi","description":"Bilkent UNAM","potentialAction":[{"@type":"SearchAction","target":{"@type":"EntryPoint","urlTemplate":"https:\/\/unam.bilkent.edu.tr\/en\/?s={search_term_string}"},"query-input":"required name=search_term_string"}],"inLanguage":"en-US"},{"@type":"Person","@id":"https:\/\/unam.bilkent.edu.tr\/en\/#\/schema\/person\/9c832114a3f29eaf1c4412c949fdd368","name":"admin","image":{"@type":"ImageObject","inLanguage":"en-US","@id":"https:\/\/unam.bilkent.edu.tr\/en\/#\/schema\/person\/image\/","url":"https:\/\/secure.gravatar.com\/avatar\/9c99ee6532ccdc5a3d7d2de6d999ff21?s=96&d=mm&r=g","contentUrl":"https:\/\/secure.gravatar.com\/avatar\/9c99ee6532ccdc5a3d7d2de6d999ff21?s=96&d=mm&r=g","caption":"admin"},"url":"https:\/\/unam.bilkent.edu.tr\/en\/author\/admin\/"}]}},"_links":{"self":[{"href":"https:\/\/unam.bilkent.edu.tr\/en\/wp-json\/wp\/v2\/posts\/1269","targetHints":{"allow":["GET"]}}],"collection":[{"href":"https:\/\/unam.bilkent.edu.tr\/en\/wp-json\/wp\/v2\/posts"}],"about":[{"href":"https:\/\/unam.bilkent.edu.tr\/en\/wp-json\/wp\/v2\/types\/post"}],"author":[{"embeddable":true,"href":"https:\/\/unam.bilkent.edu.tr\/en\/wp-json\/wp\/v2\/users\/1"}],"replies":[{"embeddable":true,"href":"https:\/\/unam.bilkent.edu.tr\/en\/wp-json\/wp\/v2\/comments?post=1269"}],"version-history":[{"count":1,"href":"https:\/\/unam.bilkent.edu.tr\/en\/wp-json\/wp\/v2\/posts\/1269\/revisions"}],"predecessor-version":[{"id":1270,"href":"https:\/\/unam.bilkent.edu.tr\/en\/wp-json\/wp\/v2\/posts\/1269\/revisions\/1270"}],"wp:featuredmedia":[{"embeddable":true,"href":"https:\/\/unam.bilkent.edu.tr\/en\/wp-json\/wp\/v2\/media\/1282"}],"wp:attachment":[{"href":"https:\/\/unam.bilkent.edu.tr\/en\/wp-json\/wp\/v2\/media?parent=1269"}],"wp:term":[{"taxonomy":"category","embeddable":true,"href":"https:\/\/unam.bilkent.edu.tr\/en\/wp-json\/wp\/v2\/categories?post=1269"},{"taxonomy":"post_tag","embeddable":true,"href":"https:\/\/unam.bilkent.edu.tr\/en\/wp-json\/wp\/v2\/tags?post=1269"}],"curies":[{"name":"wp","href":"https:\/\/api.w.org\/{rel}","templated":true}]}}