{"id":1302,"date":"2020-02-03T16:28:34","date_gmt":"2020-02-03T13:28:34","guid":{"rendered":"http:\/\/localhost\/unam\/?p=1302"},"modified":"2020-09-08T17:20:02","modified_gmt":"2020-09-08T14:20:02","slug":"hilmi-volkan-demir-osa-fellowu-secildi","status":"publish","type":"post","link":"https:\/\/unam.bilkent.edu.tr\/en\/2020\/02\/03\/hilmi-volkan-demir-osa-fellowu-secildi\/","title":{"rendered":"Hilmi Volkan Demir OSA Fellow\u2019u se\u00e7ildi"},"content":{"rendered":"\n<p>Bilkent \u00dcniversitesi Elektrik ve Elektronik M\u00fchendisli\u011fi B\u00f6l\u00fcm\u00fc ve Fizik B\u00f6l\u00fcm\u00fc \u00f6\u011fretim \u00fcyesi ve Bilkent \u00dcniversitesi Ulusal Nanoteknoloji Ara\u015ft\u0131rma Merkezi Direkt\u00f6r\u00fc ve Malzeme Bilimi ve Nanoteknoloji Ensitit\u00fcs\u00fc M\u00fcd\u00fcr\u00fc Prof. Dr. Hilmi Volkan Demir, 16 Eyl\u00fcl 2019 tarihinde Washington DC\u2019de d\u00fczenlenen Optical Society (OSA) y\u0131ll\u0131k toplant\u0131s\u0131nda Fellow olarak se\u00e7ilmi\u015ftir.<\/p>\n\n\n\n<p>1916 y\u0131l\u0131nda kurulan ve misyonu Optik ve Fotonik alanlar\u0131nda bilgi \u00fcretilmesini, uygulamas\u0131n\u0131 ve ar\u015fivlenmesini ve bu bilgilerin d\u00fcnya \u00e7ap\u0131nda yay\u0131lmas\u0131n\u0131 sa\u011flamak olan OSA kendini \u201cBilim insanlar\u0131n\u0131, m\u00fchendisleri, e\u011fitimcileri, teknisyenleri ve i\u015f adamlar\u0131n\u0131 birle\u015ftirip e\u011fiterek ve ayn\u0131 zamanda teknik ve profesyonel geli\u015fimi yayarak d\u00fcnyaya optik ve fotonik alanlar\u0131nda \u00f6nc\u00fcl\u00fck eden \u015fampiyon\u201d olarak tan\u0131mlamaktad\u0131r.<br>Prof. Demir\u2019in Fellow payesine y\u00fckseltilmesi, kendisinin optik ve fotonik alanlar\u0131n\u0131n ilerlemesine ay\u0131rt edici ve \u00f6nemli katk\u0131lar\u0131n\u0131, \u00f6zellikle yar\u0131 iletken, ayd\u0131nlatma, nanokristal optoelektroni\u011fi ve nanofotonik konular\u0131n\u0131n ara\u015ft\u0131rma ve geli\u015ftirilmesinde \u00f6nc\u00fcl\u00fck eden ve s\u00fcreklilik g\u00f6steren katk\u0131lar\u0131n\u0131n tan\u0131nmas\u0131d\u0131r. Bu se\u00e7im i\u00e7in alandaki belirgin bilimsel ve teknolojik katk\u0131lar\u0131, \u00f6nemli yay\u0131nlar\u0131 ve patentleri, teknik end\u00fcstriyel toplulu\u011fa liderlik ve k\u00fcresel optik toplumuna hizmet gibi etmenler de g\u00f6z \u00f6n\u00fcne al\u0131nm\u0131\u015ft\u0131r.<\/p>\n\n\n\n<p>Her y\u0131l OSA Fellow\u2019u olarak se\u00e7ilen ki\u015filerin say\u0131s\u0131 toplam \u00fcyelerin y\u00fczde 0,5\u2019ini ge\u00e7memektedir. Bu durum, bu s\u00fcreci y\u00fcksek derecede se\u00e7ici ve rekabet\u00e7i k\u0131lmaktad\u0131r. 2020 s\u0131n\u0131f\u0131 OSA Fellow\u2019lar\u0131 2020 y\u0131l\u0131 boyunca OSA konferanslar\u0131 ve toplant\u0131lar\u0131nda onuland\u0131r\u0131lacaklard\u0131r.<\/p>\n","protected":false},"excerpt":{"rendered":"<p>Bilkent \u00dcniversitesi Elektrik ve Elektronik M\u00fchendisli\u011fi B\u00f6l\u00fcm\u00fc ve Fizik B\u00f6l\u00fcm\u00fc \u00f6\u011fretim \u00fcyesi ve Bilkent \u00dcniversitesi Ulusal Nanoteknoloji Ara\u015ft\u0131rma Merkezi Direkt\u00f6r\u00fc ve Malzeme Bilimi ve Nanoteknoloji Ensitit\u00fcs\u00fc M\u00fcd\u00fcr\u00fc Prof. Dr. Hilmi [&hellip;]<\/p>\n","protected":false},"author":1,"featured_media":1309,"comment_status":"open","ping_status":"open","sticky":false,"template":"","format":"standard","meta":{"inline_featured_image":false,"footnotes":""},"categories":[17],"tags":[],"class_list":["post-1302","post","type-post","status-publish","format-standard","has-post-thumbnail","hentry","category-faculty-awards-2019"],"yoast_head":"<!-- This site is optimized with the Yoast SEO plugin v19.13 - https:\/\/yoast.com\/wordpress\/plugins\/seo\/ -->\n<title>Hilmi Volkan Demir OSA Fellow\u2019u se\u00e7ildi - UNAM Nanoteknoloji Ara\u015ft\u0131rma Merkezi<\/title>\n<meta name=\"robots\" content=\"index, follow, max-snippet:-1, max-image-preview:large, max-video-preview:-1\" \/>\n<link rel=\"canonical\" href=\"https:\/\/unam.bilkent.edu.tr\/en\/2020\/02\/03\/hilmi-volkan-demir-osa-fellowu-secildi\/\" \/>\n<meta property=\"og:locale\" content=\"en_US\" \/>\n<meta property=\"og:type\" content=\"article\" \/>\n<meta property=\"og:title\" content=\"Hilmi Volkan Demir OSA Fellow\u2019u se\u00e7ildi - UNAM Nanoteknoloji Ara\u015ft\u0131rma Merkezi\" \/>\n<meta property=\"og:description\" content=\"Bilkent \u00dcniversitesi Elektrik ve Elektronik M\u00fchendisli\u011fi B\u00f6l\u00fcm\u00fc ve Fizik B\u00f6l\u00fcm\u00fc \u00f6\u011fretim \u00fcyesi ve Bilkent \u00dcniversitesi Ulusal Nanoteknoloji Ara\u015ft\u0131rma Merkezi Direkt\u00f6r\u00fc ve Malzeme Bilimi ve Nanoteknoloji Ensitit\u00fcs\u00fc M\u00fcd\u00fcr\u00fc Prof. Dr. Hilmi [&hellip;]\" \/>\n<meta property=\"og:url\" content=\"https:\/\/unam.bilkent.edu.tr\/en\/2020\/02\/03\/hilmi-volkan-demir-osa-fellowu-secildi\/\" \/>\n<meta property=\"og:site_name\" content=\"UNAM Nanoteknoloji Ara\u015ft\u0131rma Merkezi\" \/>\n<meta property=\"article:published_time\" content=\"2020-02-03T13:28:34+00:00\" \/>\n<meta property=\"article:modified_time\" content=\"2020-09-08T14:20:02+00:00\" \/>\n<meta property=\"og:image\" content=\"https:\/\/unam.bilkent.edu.tr\/en\/wp-content\/uploads\/2020\/09\/osa_odul.jpg\" \/>\n\t<meta property=\"og:image:width\" content=\"720\" \/>\n\t<meta property=\"og:image:height\" content=\"480\" \/>\n\t<meta property=\"og:image:type\" content=\"image\/jpeg\" \/>\n<meta name=\"author\" content=\"admin\" \/>\n<meta name=\"twitter:card\" content=\"summary_large_image\" \/>\n<meta name=\"twitter:label1\" content=\"Written by\" \/>\n\t<meta name=\"twitter:data1\" content=\"admin\" \/>\n\t<meta name=\"twitter:label2\" content=\"Est. reading time\" \/>\n\t<meta name=\"twitter:data2\" content=\"1 minute\" \/>\n<script type=\"application\/ld+json\" class=\"yoast-schema-graph\">{\"@context\":\"https:\/\/schema.org\",\"@graph\":[{\"@type\":\"WebPage\",\"@id\":\"https:\/\/unam.bilkent.edu.tr\/en\/2020\/02\/03\/hilmi-volkan-demir-osa-fellowu-secildi\/\",\"url\":\"https:\/\/unam.bilkent.edu.tr\/en\/2020\/02\/03\/hilmi-volkan-demir-osa-fellowu-secildi\/\",\"name\":\"Hilmi Volkan Demir OSA Fellow\u2019u se\u00e7ildi - UNAM Nanoteknoloji Ara\u015ft\u0131rma Merkezi\",\"isPartOf\":{\"@id\":\"https:\/\/unam.bilkent.edu.tr\/en\/#website\"},\"datePublished\":\"2020-02-03T13:28:34+00:00\",\"dateModified\":\"2020-09-08T14:20:02+00:00\",\"author\":{\"@id\":\"https:\/\/unam.bilkent.edu.tr\/en\/#\/schema\/person\/9c832114a3f29eaf1c4412c949fdd368\"},\"breadcrumb\":{\"@id\":\"https:\/\/unam.bilkent.edu.tr\/en\/2020\/02\/03\/hilmi-volkan-demir-osa-fellowu-secildi\/#breadcrumb\"},\"inLanguage\":\"en-US\",\"potentialAction\":[{\"@type\":\"ReadAction\",\"target\":[\"https:\/\/unam.bilkent.edu.tr\/en\/2020\/02\/03\/hilmi-volkan-demir-osa-fellowu-secildi\/\"]}]},{\"@type\":\"BreadcrumbList\",\"@id\":\"https:\/\/unam.bilkent.edu.tr\/en\/2020\/02\/03\/hilmi-volkan-demir-osa-fellowu-secildi\/#breadcrumb\",\"itemListElement\":[{\"@type\":\"ListItem\",\"position\":1,\"name\":\"Home\",\"item\":\"https:\/\/unam.bilkent.edu.tr\/en\/\"},{\"@type\":\"ListItem\",\"position\":2,\"name\":\"Hilmi Volkan Demir OSA Fellow\u2019u se\u00e7ildi\"}]},{\"@type\":\"WebSite\",\"@id\":\"https:\/\/unam.bilkent.edu.tr\/en\/#website\",\"url\":\"https:\/\/unam.bilkent.edu.tr\/en\/\",\"name\":\"UNAM Nanoteknoloji Ara\u015ft\u0131rma Merkezi\",\"description\":\"Bilkent UNAM\",\"potentialAction\":[{\"@type\":\"SearchAction\",\"target\":{\"@type\":\"EntryPoint\",\"urlTemplate\":\"https:\/\/unam.bilkent.edu.tr\/en\/?s={search_term_string}\"},\"query-input\":\"required name=search_term_string\"}],\"inLanguage\":\"en-US\"},{\"@type\":\"Person\",\"@id\":\"https:\/\/unam.bilkent.edu.tr\/en\/#\/schema\/person\/9c832114a3f29eaf1c4412c949fdd368\",\"name\":\"admin\",\"image\":{\"@type\":\"ImageObject\",\"inLanguage\":\"en-US\",\"@id\":\"https:\/\/unam.bilkent.edu.tr\/en\/#\/schema\/person\/image\/\",\"url\":\"https:\/\/secure.gravatar.com\/avatar\/9c99ee6532ccdc5a3d7d2de6d999ff21?s=96&d=mm&r=g\",\"contentUrl\":\"https:\/\/secure.gravatar.com\/avatar\/9c99ee6532ccdc5a3d7d2de6d999ff21?s=96&d=mm&r=g\",\"caption\":\"admin\"},\"url\":\"https:\/\/unam.bilkent.edu.tr\/en\/author\/admin\/\"}]}<\/script>\n<!-- \/ Yoast SEO plugin. -->","yoast_head_json":{"title":"Hilmi Volkan Demir OSA Fellow\u2019u se\u00e7ildi - UNAM Nanoteknoloji Ara\u015ft\u0131rma Merkezi","robots":{"index":"index","follow":"follow","max-snippet":"max-snippet:-1","max-image-preview":"max-image-preview:large","max-video-preview":"max-video-preview:-1"},"canonical":"https:\/\/unam.bilkent.edu.tr\/en\/2020\/02\/03\/hilmi-volkan-demir-osa-fellowu-secildi\/","og_locale":"en_US","og_type":"article","og_title":"Hilmi Volkan Demir OSA Fellow\u2019u se\u00e7ildi - UNAM Nanoteknoloji Ara\u015ft\u0131rma Merkezi","og_description":"Bilkent \u00dcniversitesi Elektrik ve Elektronik M\u00fchendisli\u011fi B\u00f6l\u00fcm\u00fc ve Fizik B\u00f6l\u00fcm\u00fc \u00f6\u011fretim \u00fcyesi ve Bilkent \u00dcniversitesi Ulusal Nanoteknoloji Ara\u015ft\u0131rma Merkezi Direkt\u00f6r\u00fc ve Malzeme Bilimi ve Nanoteknoloji Ensitit\u00fcs\u00fc M\u00fcd\u00fcr\u00fc Prof. Dr. Hilmi [&hellip;]","og_url":"https:\/\/unam.bilkent.edu.tr\/en\/2020\/02\/03\/hilmi-volkan-demir-osa-fellowu-secildi\/","og_site_name":"UNAM Nanoteknoloji Ara\u015ft\u0131rma Merkezi","article_published_time":"2020-02-03T13:28:34+00:00","article_modified_time":"2020-09-08T14:20:02+00:00","og_image":[{"width":720,"height":480,"url":"https:\/\/unam.bilkent.edu.tr\/en\/wp-content\/uploads\/2020\/09\/osa_odul.jpg","type":"image\/jpeg"}],"author":"admin","twitter_card":"summary_large_image","twitter_misc":{"Written by":"admin","Est. reading time":"1 minute"},"schema":{"@context":"https:\/\/schema.org","@graph":[{"@type":"WebPage","@id":"https:\/\/unam.bilkent.edu.tr\/en\/2020\/02\/03\/hilmi-volkan-demir-osa-fellowu-secildi\/","url":"https:\/\/unam.bilkent.edu.tr\/en\/2020\/02\/03\/hilmi-volkan-demir-osa-fellowu-secildi\/","name":"Hilmi Volkan Demir OSA Fellow\u2019u se\u00e7ildi - UNAM Nanoteknoloji Ara\u015ft\u0131rma Merkezi","isPartOf":{"@id":"https:\/\/unam.bilkent.edu.tr\/en\/#website"},"datePublished":"2020-02-03T13:28:34+00:00","dateModified":"2020-09-08T14:20:02+00:00","author":{"@id":"https:\/\/unam.bilkent.edu.tr\/en\/#\/schema\/person\/9c832114a3f29eaf1c4412c949fdd368"},"breadcrumb":{"@id":"https:\/\/unam.bilkent.edu.tr\/en\/2020\/02\/03\/hilmi-volkan-demir-osa-fellowu-secildi\/#breadcrumb"},"inLanguage":"en-US","potentialAction":[{"@type":"ReadAction","target":["https:\/\/unam.bilkent.edu.tr\/en\/2020\/02\/03\/hilmi-volkan-demir-osa-fellowu-secildi\/"]}]},{"@type":"BreadcrumbList","@id":"https:\/\/unam.bilkent.edu.tr\/en\/2020\/02\/03\/hilmi-volkan-demir-osa-fellowu-secildi\/#breadcrumb","itemListElement":[{"@type":"ListItem","position":1,"name":"Home","item":"https:\/\/unam.bilkent.edu.tr\/en\/"},{"@type":"ListItem","position":2,"name":"Hilmi Volkan Demir OSA Fellow\u2019u se\u00e7ildi"}]},{"@type":"WebSite","@id":"https:\/\/unam.bilkent.edu.tr\/en\/#website","url":"https:\/\/unam.bilkent.edu.tr\/en\/","name":"UNAM Nanoteknoloji Ara\u015ft\u0131rma Merkezi","description":"Bilkent UNAM","potentialAction":[{"@type":"SearchAction","target":{"@type":"EntryPoint","urlTemplate":"https:\/\/unam.bilkent.edu.tr\/en\/?s={search_term_string}"},"query-input":"required name=search_term_string"}],"inLanguage":"en-US"},{"@type":"Person","@id":"https:\/\/unam.bilkent.edu.tr\/en\/#\/schema\/person\/9c832114a3f29eaf1c4412c949fdd368","name":"admin","image":{"@type":"ImageObject","inLanguage":"en-US","@id":"https:\/\/unam.bilkent.edu.tr\/en\/#\/schema\/person\/image\/","url":"https:\/\/secure.gravatar.com\/avatar\/9c99ee6532ccdc5a3d7d2de6d999ff21?s=96&d=mm&r=g","contentUrl":"https:\/\/secure.gravatar.com\/avatar\/9c99ee6532ccdc5a3d7d2de6d999ff21?s=96&d=mm&r=g","caption":"admin"},"url":"https:\/\/unam.bilkent.edu.tr\/en\/author\/admin\/"}]}},"_links":{"self":[{"href":"https:\/\/unam.bilkent.edu.tr\/en\/wp-json\/wp\/v2\/posts\/1302","targetHints":{"allow":["GET"]}}],"collection":[{"href":"https:\/\/unam.bilkent.edu.tr\/en\/wp-json\/wp\/v2\/posts"}],"about":[{"href":"https:\/\/unam.bilkent.edu.tr\/en\/wp-json\/wp\/v2\/types\/post"}],"author":[{"embeddable":true,"href":"https:\/\/unam.bilkent.edu.tr\/en\/wp-json\/wp\/v2\/users\/1"}],"replies":[{"embeddable":true,"href":"https:\/\/unam.bilkent.edu.tr\/en\/wp-json\/wp\/v2\/comments?post=1302"}],"version-history":[{"count":1,"href":"https:\/\/unam.bilkent.edu.tr\/en\/wp-json\/wp\/v2\/posts\/1302\/revisions"}],"predecessor-version":[{"id":1303,"href":"https:\/\/unam.bilkent.edu.tr\/en\/wp-json\/wp\/v2\/posts\/1302\/revisions\/1303"}],"wp:featuredmedia":[{"embeddable":true,"href":"https:\/\/unam.bilkent.edu.tr\/en\/wp-json\/wp\/v2\/media\/1309"}],"wp:attachment":[{"href":"https:\/\/unam.bilkent.edu.tr\/en\/wp-json\/wp\/v2\/media?parent=1302"}],"wp:term":[{"taxonomy":"category","embeddable":true,"href":"https:\/\/unam.bilkent.edu.tr\/en\/wp-json\/wp\/v2\/categories?post=1302"},{"taxonomy":"post_tag","embeddable":true,"href":"https:\/\/unam.bilkent.edu.tr\/en\/wp-json\/wp\/v2\/tags?post=1302"}],"curies":[{"name":"wp","href":"https:\/\/api.w.org\/{rel}","templated":true}]}}