{"id":2983,"date":"2018-03-12T10:39:52","date_gmt":"2018-03-12T07:39:52","guid":{"rendered":"http:\/\/localhost\/unam\/?p=2983"},"modified":"2021-02-08T10:52:29","modified_gmt":"2021-02-08T07:52:29","slug":"international-womens-day-celebration-with-aysel-sabuncu-at-bilkent-unam","status":"publish","type":"post","link":"https:\/\/unam.bilkent.edu.tr\/en\/2018\/03\/12\/international-womens-day-celebration-with-aysel-sabuncu-at-bilkent-unam\/","title":{"rendered":"International Women\u2019s day Celebration with Aysel Sabuncu at Bilkent UNAM"},"content":{"rendered":"<p>On the occasion of International Women\u2019s Day last week, the National Nanotechnology Research Center (UNAM) held a celebratory event, during which the integral place of women in the Bilkent community and their contributions to the university and to society were highlighted.<\/p>\n<p>The program, which took place on March 8, began with a mini concert by the FMPA Quartet, with Elif Ece Cansever, \u0130layda \u00dcnalan, Deniz \u00c7a\u011flarcan and \u00d6zg\u00fcr Deniz Kaya performing pieces by Alexander Borodin.<\/p>\n<p>Next, Prof. Hilmi Volkan Demir, UNAM\u2019s Director, offered introductory remarks and highlighted UNAM\u2019s leadership position in materials science and nanotechnology and reviewed UNAM\u2019s high-impact contributions, which are the results of women and men working closely together across the campus.\u00a0 Following Prof. Demir, Rector Abdullah Atalar took the podium. As background, he presented general comparative statistics regarding the literacy and employment rates of women and men in Turkey, before focusing on women at Bilkent University.<\/p>\n<p>Prof. Atalar noted that 46.7 percent of undergraduate students and 44.6 percent of graduate students at Bilkent are women; the figure is 45.8 percent for PhD students. As for female employment at the university, 45.2 percent of the administrative staff and 45.4 percent of the academic staff are women.<\/p>\n<p>The honored guest speaker for the program was philanthropist Aysel Sabuncu, who offered her thoughts on the true meaning of the day. \u201cMarch 8 should not be a day to gush over women,\u201d she stated. \u201cRather, it should be a day to bring up issues such as violence against women or women\u2019s rights for discussion.\u201d<\/p>\n<p><img loading=\"lazy\" decoding=\"async\" class=\"alignnone wp-image-2985 size-full\" src=\"http:\/\/localhost\/unam\/wp-content\/uploads\/2021\/02\/Bilkent_FMPA.jpg\" alt=\"\" width=\"600\" height=\"900\" srcset=\"https:\/\/unam.bilkent.edu.tr\/en\/wp-content\/uploads\/2021\/02\/Bilkent_FMPA.jpg 600w, https:\/\/unam.bilkent.edu.tr\/en\/wp-content\/uploads\/2021\/02\/Bilkent_FMPA-200x300.jpg 200w\" sizes=\"auto, (max-width: 600px) 100vw, 600px\" \/><\/p>\n<div class=\"wpb_column vc_column_container vc_col-sm-6\">\n<div class=\"wpb_wrapper\">\n<div class=\"wpb_text_column wpb_content_element \">\n<div class=\"wpb_wrapper\">\n<p>International Women\u2019s Day poster designed by UNAM<\/p>\n<\/div>\n<\/div>\n<\/div>\n<\/div>\n<div class=\"wpb_column vc_column_container vc_col-sm-6\">\n<div class=\"wpb_wrapper\">\n<div class=\"wpb_text_column wpb_content_element \">\n<div class=\"wpb_wrapper\">\n<p>In closing, Ms. Sabuncu referred to the historical legacy of women\u2019s rights in Turkey. \u201cWomen in our country received equality in cultural, social and legal rights courtesy of our great leader Mustafa Kemal Atat\u00fcrk. As he said, \u2018Everything we see in the world is the creative work of women.\u2019 Happy Women\u2019s Day.\u201d<\/p>\n<p>The program ended with a short tour of the UNAM facilities.<\/p>\n<p><img loading=\"lazy\" decoding=\"async\" class=\"alignnone wp-image-2988 size-full\" src=\"http:\/\/localhost\/unam\/wp-content\/uploads\/2018\/03\/BilkentUNAM-8Mart2018-small.jpg\" alt=\"\" width=\"576\" height=\"814\" srcset=\"https:\/\/unam.bilkent.edu.tr\/en\/wp-content\/uploads\/2018\/03\/BilkentUNAM-8Mart2018-small.jpg 576w, https:\/\/unam.bilkent.edu.tr\/en\/wp-content\/uploads\/2018\/03\/BilkentUNAM-8Mart2018-small-212x300.jpg 212w\" sizes=\"auto, (max-width: 576px) 100vw, 576px\" \/><\/p>\n<p><iframe loading=\"lazy\" src=\"https:\/\/www.youtube.com\/embed\/6fKgR9ey5jQ\" width=\"560\" height=\"315\" frameborder=\"0\" allowfullscreen=\"allowfullscreen\"><\/iframe><\/p>\n<\/div>\n<\/div>\n<\/div>\n<\/div>\n","protected":false},"excerpt":{"rendered":"<p>On the occasion of International Women\u2019s Day last week, the National Nanotechnology Research Center (UNAM) held a celebratory event, during which the integral place of women in the Bilkent community [&hellip;]<\/p>\n","protected":false},"author":1,"featured_media":2984,"comment_status":"open","ping_status":"open","sticky":false,"template":"","format":"standard","meta":{"inline_featured_image":false,"footnotes":""},"categories":[36],"tags":[],"class_list":["post-2983","post","type-post","status-publish","format-standard","has-post-thumbnail","hentry","category-news-2018"],"yoast_head":"<!-- This site is optimized with the Yoast SEO plugin v19.13 - https:\/\/yoast.com\/wordpress\/plugins\/seo\/ -->\n<title>International Women\u2019s day Celebration with Aysel Sabuncu at Bilkent UNAM - UNAM Nanoteknoloji Ara\u015ft\u0131rma Merkezi<\/title>\n<meta name=\"robots\" content=\"index, follow, max-snippet:-1, max-image-preview:large, max-video-preview:-1\" \/>\n<link rel=\"canonical\" href=\"https:\/\/unam.bilkent.edu.tr\/en\/2018\/03\/12\/international-womens-day-celebration-with-aysel-sabuncu-at-bilkent-unam\/\" \/>\n<meta property=\"og:locale\" content=\"en_US\" \/>\n<meta property=\"og:type\" content=\"article\" \/>\n<meta property=\"og:title\" content=\"International Women\u2019s day Celebration with Aysel Sabuncu at Bilkent UNAM - UNAM Nanoteknoloji Ara\u015ft\u0131rma Merkezi\" \/>\n<meta property=\"og:description\" content=\"On the occasion of International Women\u2019s Day last week, the National Nanotechnology Research Center (UNAM) held a celebratory event, during which the integral place of women in the Bilkent community [&hellip;]\" \/>\n<meta property=\"og:url\" content=\"https:\/\/unam.bilkent.edu.tr\/en\/2018\/03\/12\/international-womens-day-celebration-with-aysel-sabuncu-at-bilkent-unam\/\" \/>\n<meta property=\"og:site_name\" content=\"UNAM Nanoteknoloji Ara\u015ft\u0131rma Merkezi\" \/>\n<meta property=\"article:published_time\" content=\"2018-03-12T07:39:52+00:00\" \/>\n<meta property=\"article:modified_time\" content=\"2021-02-08T07:52:29+00:00\" \/>\n<meta property=\"og:image\" content=\"https:\/\/unam.bilkent.edu.tr\/en\/wp-content\/uploads\/2021\/02\/2018-kadinlar-gunu.png\" \/>\n\t<meta property=\"og:image:width\" content=\"720\" \/>\n\t<meta property=\"og:image:height\" content=\"480\" \/>\n\t<meta property=\"og:image:type\" content=\"image\/png\" \/>\n<meta name=\"author\" content=\"admin\" \/>\n<meta name=\"twitter:card\" content=\"summary_large_image\" \/>\n<meta name=\"twitter:label1\" content=\"Written by\" \/>\n\t<meta name=\"twitter:data1\" content=\"admin\" \/>\n\t<meta name=\"twitter:label2\" content=\"Est. reading time\" \/>\n\t<meta name=\"twitter:data2\" content=\"2 minutes\" \/>\n<script type=\"application\/ld+json\" class=\"yoast-schema-graph\">{\"@context\":\"https:\/\/schema.org\",\"@graph\":[{\"@type\":\"WebPage\",\"@id\":\"https:\/\/unam.bilkent.edu.tr\/en\/2018\/03\/12\/international-womens-day-celebration-with-aysel-sabuncu-at-bilkent-unam\/\",\"url\":\"https:\/\/unam.bilkent.edu.tr\/en\/2018\/03\/12\/international-womens-day-celebration-with-aysel-sabuncu-at-bilkent-unam\/\",\"name\":\"International Women\u2019s day Celebration with Aysel Sabuncu at Bilkent UNAM - UNAM Nanoteknoloji Ara\u015ft\u0131rma Merkezi\",\"isPartOf\":{\"@id\":\"https:\/\/unam.bilkent.edu.tr\/en\/#website\"},\"datePublished\":\"2018-03-12T07:39:52+00:00\",\"dateModified\":\"2021-02-08T07:52:29+00:00\",\"author\":{\"@id\":\"https:\/\/unam.bilkent.edu.tr\/en\/#\/schema\/person\/9c832114a3f29eaf1c4412c949fdd368\"},\"breadcrumb\":{\"@id\":\"https:\/\/unam.bilkent.edu.tr\/en\/2018\/03\/12\/international-womens-day-celebration-with-aysel-sabuncu-at-bilkent-unam\/#breadcrumb\"},\"inLanguage\":\"en-US\",\"potentialAction\":[{\"@type\":\"ReadAction\",\"target\":[\"https:\/\/unam.bilkent.edu.tr\/en\/2018\/03\/12\/international-womens-day-celebration-with-aysel-sabuncu-at-bilkent-unam\/\"]}]},{\"@type\":\"BreadcrumbList\",\"@id\":\"https:\/\/unam.bilkent.edu.tr\/en\/2018\/03\/12\/international-womens-day-celebration-with-aysel-sabuncu-at-bilkent-unam\/#breadcrumb\",\"itemListElement\":[{\"@type\":\"ListItem\",\"position\":1,\"name\":\"Home\",\"item\":\"https:\/\/unam.bilkent.edu.tr\/en\/\"},{\"@type\":\"ListItem\",\"position\":2,\"name\":\"International Women\u2019s day Celebration with Aysel Sabuncu at Bilkent UNAM\"}]},{\"@type\":\"WebSite\",\"@id\":\"https:\/\/unam.bilkent.edu.tr\/en\/#website\",\"url\":\"https:\/\/unam.bilkent.edu.tr\/en\/\",\"name\":\"UNAM Nanoteknoloji Ara\u015ft\u0131rma Merkezi\",\"description\":\"Bilkent UNAM\",\"potentialAction\":[{\"@type\":\"SearchAction\",\"target\":{\"@type\":\"EntryPoint\",\"urlTemplate\":\"https:\/\/unam.bilkent.edu.tr\/en\/?s={search_term_string}\"},\"query-input\":\"required name=search_term_string\"}],\"inLanguage\":\"en-US\"},{\"@type\":\"Person\",\"@id\":\"https:\/\/unam.bilkent.edu.tr\/en\/#\/schema\/person\/9c832114a3f29eaf1c4412c949fdd368\",\"name\":\"admin\",\"image\":{\"@type\":\"ImageObject\",\"inLanguage\":\"en-US\",\"@id\":\"https:\/\/unam.bilkent.edu.tr\/en\/#\/schema\/person\/image\/\",\"url\":\"https:\/\/secure.gravatar.com\/avatar\/9c99ee6532ccdc5a3d7d2de6d999ff21?s=96&d=mm&r=g\",\"contentUrl\":\"https:\/\/secure.gravatar.com\/avatar\/9c99ee6532ccdc5a3d7d2de6d999ff21?s=96&d=mm&r=g\",\"caption\":\"admin\"},\"url\":\"https:\/\/unam.bilkent.edu.tr\/en\/author\/admin\/\"}]}<\/script>\n<!-- \/ Yoast SEO plugin. -->","yoast_head_json":{"title":"International Women\u2019s day Celebration with Aysel Sabuncu at Bilkent UNAM - UNAM Nanoteknoloji Ara\u015ft\u0131rma Merkezi","robots":{"index":"index","follow":"follow","max-snippet":"max-snippet:-1","max-image-preview":"max-image-preview:large","max-video-preview":"max-video-preview:-1"},"canonical":"https:\/\/unam.bilkent.edu.tr\/en\/2018\/03\/12\/international-womens-day-celebration-with-aysel-sabuncu-at-bilkent-unam\/","og_locale":"en_US","og_type":"article","og_title":"International Women\u2019s day Celebration with Aysel Sabuncu at Bilkent UNAM - UNAM Nanoteknoloji Ara\u015ft\u0131rma Merkezi","og_description":"On the occasion of International Women\u2019s Day last week, the National Nanotechnology Research Center (UNAM) held a celebratory event, during which the integral place of women in the Bilkent community [&hellip;]","og_url":"https:\/\/unam.bilkent.edu.tr\/en\/2018\/03\/12\/international-womens-day-celebration-with-aysel-sabuncu-at-bilkent-unam\/","og_site_name":"UNAM Nanoteknoloji Ara\u015ft\u0131rma Merkezi","article_published_time":"2018-03-12T07:39:52+00:00","article_modified_time":"2021-02-08T07:52:29+00:00","og_image":[{"width":720,"height":480,"url":"https:\/\/unam.bilkent.edu.tr\/en\/wp-content\/uploads\/2021\/02\/2018-kadinlar-gunu.png","type":"image\/png"}],"author":"admin","twitter_card":"summary_large_image","twitter_misc":{"Written by":"admin","Est. reading time":"2 minutes"},"schema":{"@context":"https:\/\/schema.org","@graph":[{"@type":"WebPage","@id":"https:\/\/unam.bilkent.edu.tr\/en\/2018\/03\/12\/international-womens-day-celebration-with-aysel-sabuncu-at-bilkent-unam\/","url":"https:\/\/unam.bilkent.edu.tr\/en\/2018\/03\/12\/international-womens-day-celebration-with-aysel-sabuncu-at-bilkent-unam\/","name":"International Women\u2019s day Celebration with Aysel Sabuncu at Bilkent UNAM - UNAM Nanoteknoloji Ara\u015ft\u0131rma Merkezi","isPartOf":{"@id":"https:\/\/unam.bilkent.edu.tr\/en\/#website"},"datePublished":"2018-03-12T07:39:52+00:00","dateModified":"2021-02-08T07:52:29+00:00","author":{"@id":"https:\/\/unam.bilkent.edu.tr\/en\/#\/schema\/person\/9c832114a3f29eaf1c4412c949fdd368"},"breadcrumb":{"@id":"https:\/\/unam.bilkent.edu.tr\/en\/2018\/03\/12\/international-womens-day-celebration-with-aysel-sabuncu-at-bilkent-unam\/#breadcrumb"},"inLanguage":"en-US","potentialAction":[{"@type":"ReadAction","target":["https:\/\/unam.bilkent.edu.tr\/en\/2018\/03\/12\/international-womens-day-celebration-with-aysel-sabuncu-at-bilkent-unam\/"]}]},{"@type":"BreadcrumbList","@id":"https:\/\/unam.bilkent.edu.tr\/en\/2018\/03\/12\/international-womens-day-celebration-with-aysel-sabuncu-at-bilkent-unam\/#breadcrumb","itemListElement":[{"@type":"ListItem","position":1,"name":"Home","item":"https:\/\/unam.bilkent.edu.tr\/en\/"},{"@type":"ListItem","position":2,"name":"International Women\u2019s day Celebration with Aysel Sabuncu at Bilkent UNAM"}]},{"@type":"WebSite","@id":"https:\/\/unam.bilkent.edu.tr\/en\/#website","url":"https:\/\/unam.bilkent.edu.tr\/en\/","name":"UNAM Nanoteknoloji Ara\u015ft\u0131rma Merkezi","description":"Bilkent UNAM","potentialAction":[{"@type":"SearchAction","target":{"@type":"EntryPoint","urlTemplate":"https:\/\/unam.bilkent.edu.tr\/en\/?s={search_term_string}"},"query-input":"required name=search_term_string"}],"inLanguage":"en-US"},{"@type":"Person","@id":"https:\/\/unam.bilkent.edu.tr\/en\/#\/schema\/person\/9c832114a3f29eaf1c4412c949fdd368","name":"admin","image":{"@type":"ImageObject","inLanguage":"en-US","@id":"https:\/\/unam.bilkent.edu.tr\/en\/#\/schema\/person\/image\/","url":"https:\/\/secure.gravatar.com\/avatar\/9c99ee6532ccdc5a3d7d2de6d999ff21?s=96&d=mm&r=g","contentUrl":"https:\/\/secure.gravatar.com\/avatar\/9c99ee6532ccdc5a3d7d2de6d999ff21?s=96&d=mm&r=g","caption":"admin"},"url":"https:\/\/unam.bilkent.edu.tr\/en\/author\/admin\/"}]}},"_links":{"self":[{"href":"https:\/\/unam.bilkent.edu.tr\/en\/wp-json\/wp\/v2\/posts\/2983","targetHints":{"allow":["GET"]}}],"collection":[{"href":"https:\/\/unam.bilkent.edu.tr\/en\/wp-json\/wp\/v2\/posts"}],"about":[{"href":"https:\/\/unam.bilkent.edu.tr\/en\/wp-json\/wp\/v2\/types\/post"}],"author":[{"embeddable":true,"href":"https:\/\/unam.bilkent.edu.tr\/en\/wp-json\/wp\/v2\/users\/1"}],"replies":[{"embeddable":true,"href":"https:\/\/unam.bilkent.edu.tr\/en\/wp-json\/wp\/v2\/comments?post=2983"}],"version-history":[{"count":4,"href":"https:\/\/unam.bilkent.edu.tr\/en\/wp-json\/wp\/v2\/posts\/2983\/revisions"}],"predecessor-version":[{"id":2989,"href":"https:\/\/unam.bilkent.edu.tr\/en\/wp-json\/wp\/v2\/posts\/2983\/revisions\/2989"}],"wp:featuredmedia":[{"embeddable":true,"href":"https:\/\/unam.bilkent.edu.tr\/en\/wp-json\/wp\/v2\/media\/2984"}],"wp:attachment":[{"href":"https:\/\/unam.bilkent.edu.tr\/en\/wp-json\/wp\/v2\/media?parent=2983"}],"wp:term":[{"taxonomy":"category","embeddable":true,"href":"https:\/\/unam.bilkent.edu.tr\/en\/wp-json\/wp\/v2\/categories?post=2983"},{"taxonomy":"post_tag","embeddable":true,"href":"https:\/\/unam.bilkent.edu.tr\/en\/wp-json\/wp\/v2\/tags?post=2983"}],"curies":[{"name":"wp","href":"https:\/\/api.w.org\/{rel}","templated":true}]}}