{"id":6518,"date":"2022-04-27T09:23:51","date_gmt":"2022-04-27T06:23:51","guid":{"rendered":"http:\/\/unam.bilkent.edu.tr\/en\/?p=6518"},"modified":"2022-04-27T09:24:24","modified_gmt":"2022-04-27T06:24:24","slug":"asst-prof-urartu-sekers-research-will-be-highlighted-from-the-front-cover-of-the-acs-infectious-diseases","status":"publish","type":"post","link":"https:\/\/unam.bilkent.edu.tr\/en\/2022\/04\/27\/asst-prof-urartu-sekers-research-will-be-highlighted-from-the-front-cover-of-the-acs-infectious-diseases\/","title":{"rendered":"Asst. Prof. Urartu \u015eeker\u2019s Research Will be Highlighted from The Front Cover of The ACS Infectious Diseases"},"content":{"rendered":"<p>UNAM Asst. Prof. Urartu \u00d6zg\u00fcr \u015eafak \u015eeker\u2019s preclinical study research on developing and investigating \u201cA highly Potent Sars-CoV-2 blocking lectin protein\u201d is accepted for publication and will be highlighted from the front cover of the ACS Infectious Diseases. The Research has proven the potency of the lectin protein for blocking Sars-CoV-2\u2019s different variants including Omicron, Delta and D614G. It has also shown that the protein does not cause any additional immune response.<\/p>\n<p>You may reach the paper from the following Virology Section: https:\/\/pubs.acs.org\/doi\/10.1021\/acsinfecdis.2c00006<\/p>\n<p>&nbsp;<\/p>\n<p><img loading=\"lazy\" decoding=\"async\" class=\"alignnone wp-image-6520 size-large\" src=\"http:\/\/unam.bilkent.edu.tr\/en\/wp-content\/uploads\/2022\/04\/FQdaGmNXsAEN-4R-770x1024.jpg\" alt=\"\" width=\"580\" height=\"771\" srcset=\"https:\/\/unam.bilkent.edu.tr\/en\/wp-content\/uploads\/2022\/04\/FQdaGmNXsAEN-4R-770x1024.jpg 770w, https:\/\/unam.bilkent.edu.tr\/en\/wp-content\/uploads\/2022\/04\/FQdaGmNXsAEN-4R-226x300.jpg 226w, https:\/\/unam.bilkent.edu.tr\/en\/wp-content\/uploads\/2022\/04\/FQdaGmNXsAEN-4R-768x1021.jpg 768w, https:\/\/unam.bilkent.edu.tr\/en\/wp-content\/uploads\/2022\/04\/FQdaGmNXsAEN-4R-1155x1536.jpg 1155w, https:\/\/unam.bilkent.edu.tr\/en\/wp-content\/uploads\/2022\/04\/FQdaGmNXsAEN-4R-1540x2048.jpg 1540w, https:\/\/unam.bilkent.edu.tr\/en\/wp-content\/uploads\/2022\/04\/FQdaGmNXsAEN-4R-1200x1596.jpg 1200w, https:\/\/unam.bilkent.edu.tr\/en\/wp-content\/uploads\/2022\/04\/FQdaGmNXsAEN-4R-1980x2633.jpg 1980w, https:\/\/unam.bilkent.edu.tr\/en\/wp-content\/uploads\/2022\/04\/FQdaGmNXsAEN-4R-scaled.jpg 1925w\" sizes=\"auto, (max-width: 580px) 100vw, 580px\" \/><\/p>\n","protected":false},"excerpt":{"rendered":"<p>UNAM Asst. Prof. Urartu \u00d6zg\u00fcr \u015eafak \u015eeker\u2019s preclinical study research on developing and investigating \u201cA highly Potent Sars-CoV-2 blocking lectin protein\u201d is accepted for publication and will be highlighted from [&hellip;]<\/p>\n","protected":false},"author":1,"featured_media":6519,"comment_status":"open","ping_status":"open","sticky":false,"template":"","format":"standard","meta":{"inline_featured_image":false,"footnotes":""},"categories":[56],"tags":[],"class_list":["post-6518","post","type-post","status-publish","format-standard","has-post-thumbnail","hentry","category-news-2022"],"yoast_head":"<!-- This site is optimized with the Yoast SEO plugin v19.13 - https:\/\/yoast.com\/wordpress\/plugins\/seo\/ -->\n<title>Asst. Prof. Urartu \u015eeker\u2019s Research Will be Highlighted from The Front Cover of The ACS Infectious Diseases - UNAM Nanoteknoloji Ara\u015ft\u0131rma Merkezi<\/title>\n<meta name=\"robots\" content=\"index, follow, max-snippet:-1, max-image-preview:large, max-video-preview:-1\" \/>\n<link rel=\"canonical\" href=\"https:\/\/unam.bilkent.edu.tr\/en\/2022\/04\/27\/asst-prof-urartu-sekers-research-will-be-highlighted-from-the-front-cover-of-the-acs-infectious-diseases\/\" \/>\n<meta property=\"og:locale\" content=\"en_US\" \/>\n<meta property=\"og:type\" content=\"article\" \/>\n<meta property=\"og:title\" content=\"Asst. Prof. Urartu \u015eeker\u2019s Research Will be Highlighted from The Front Cover of The ACS Infectious Diseases - UNAM Nanoteknoloji Ara\u015ft\u0131rma Merkezi\" \/>\n<meta property=\"og:description\" content=\"UNAM Asst. Prof. Urartu \u00d6zg\u00fcr \u015eafak \u015eeker\u2019s preclinical study research on developing and investigating \u201cA highly Potent Sars-CoV-2 blocking lectin protein\u201d is accepted for publication and will be highlighted from [&hellip;]\" \/>\n<meta property=\"og:url\" content=\"https:\/\/unam.bilkent.edu.tr\/en\/2022\/04\/27\/asst-prof-urartu-sekers-research-will-be-highlighted-from-the-front-cover-of-the-acs-infectious-diseases\/\" \/>\n<meta property=\"og:site_name\" content=\"UNAM Nanoteknoloji Ara\u015ft\u0131rma Merkezi\" \/>\n<meta property=\"article:published_time\" content=\"2022-04-27T06:23:51+00:00\" \/>\n<meta property=\"article:modified_time\" content=\"2022-04-27T06:24:24+00:00\" \/>\n<meta property=\"og:image\" content=\"https:\/\/unam.bilkent.edu.tr\/en\/wp-content\/uploads\/2022\/04\/ACS-Infectious-Diseases.jpg\" \/>\n\t<meta property=\"og:image:width\" content=\"720\" \/>\n\t<meta property=\"og:image:height\" content=\"480\" \/>\n\t<meta property=\"og:image:type\" content=\"image\/jpeg\" \/>\n<meta name=\"author\" content=\"admin\" \/>\n<meta name=\"twitter:card\" content=\"summary_large_image\" \/>\n<meta name=\"twitter:label1\" content=\"Written by\" \/>\n\t<meta name=\"twitter:data1\" content=\"admin\" \/>\n<script type=\"application\/ld+json\" class=\"yoast-schema-graph\">{\"@context\":\"https:\/\/schema.org\",\"@graph\":[{\"@type\":\"WebPage\",\"@id\":\"https:\/\/unam.bilkent.edu.tr\/en\/2022\/04\/27\/asst-prof-urartu-sekers-research-will-be-highlighted-from-the-front-cover-of-the-acs-infectious-diseases\/\",\"url\":\"https:\/\/unam.bilkent.edu.tr\/en\/2022\/04\/27\/asst-prof-urartu-sekers-research-will-be-highlighted-from-the-front-cover-of-the-acs-infectious-diseases\/\",\"name\":\"Asst. Prof. Urartu \u015eeker\u2019s Research Will be Highlighted from The Front Cover of The ACS Infectious Diseases - UNAM Nanoteknoloji Ara\u015ft\u0131rma Merkezi\",\"isPartOf\":{\"@id\":\"https:\/\/unam.bilkent.edu.tr\/en\/#website\"},\"datePublished\":\"2022-04-27T06:23:51+00:00\",\"dateModified\":\"2022-04-27T06:24:24+00:00\",\"author\":{\"@id\":\"https:\/\/unam.bilkent.edu.tr\/en\/#\/schema\/person\/9c832114a3f29eaf1c4412c949fdd368\"},\"breadcrumb\":{\"@id\":\"https:\/\/unam.bilkent.edu.tr\/en\/2022\/04\/27\/asst-prof-urartu-sekers-research-will-be-highlighted-from-the-front-cover-of-the-acs-infectious-diseases\/#breadcrumb\"},\"inLanguage\":\"en-US\",\"potentialAction\":[{\"@type\":\"ReadAction\",\"target\":[\"https:\/\/unam.bilkent.edu.tr\/en\/2022\/04\/27\/asst-prof-urartu-sekers-research-will-be-highlighted-from-the-front-cover-of-the-acs-infectious-diseases\/\"]}]},{\"@type\":\"BreadcrumbList\",\"@id\":\"https:\/\/unam.bilkent.edu.tr\/en\/2022\/04\/27\/asst-prof-urartu-sekers-research-will-be-highlighted-from-the-front-cover-of-the-acs-infectious-diseases\/#breadcrumb\",\"itemListElement\":[{\"@type\":\"ListItem\",\"position\":1,\"name\":\"Home\",\"item\":\"https:\/\/unam.bilkent.edu.tr\/en\/\"},{\"@type\":\"ListItem\",\"position\":2,\"name\":\"Asst. Prof. Urartu \u015eeker\u2019s Research Will be Highlighted from The Front Cover of The ACS Infectious Diseases\"}]},{\"@type\":\"WebSite\",\"@id\":\"https:\/\/unam.bilkent.edu.tr\/en\/#website\",\"url\":\"https:\/\/unam.bilkent.edu.tr\/en\/\",\"name\":\"UNAM Nanoteknoloji Ara\u015ft\u0131rma Merkezi\",\"description\":\"Bilkent UNAM\",\"potentialAction\":[{\"@type\":\"SearchAction\",\"target\":{\"@type\":\"EntryPoint\",\"urlTemplate\":\"https:\/\/unam.bilkent.edu.tr\/en\/?s={search_term_string}\"},\"query-input\":\"required name=search_term_string\"}],\"inLanguage\":\"en-US\"},{\"@type\":\"Person\",\"@id\":\"https:\/\/unam.bilkent.edu.tr\/en\/#\/schema\/person\/9c832114a3f29eaf1c4412c949fdd368\",\"name\":\"admin\",\"image\":{\"@type\":\"ImageObject\",\"inLanguage\":\"en-US\",\"@id\":\"https:\/\/unam.bilkent.edu.tr\/en\/#\/schema\/person\/image\/\",\"url\":\"https:\/\/secure.gravatar.com\/avatar\/9c99ee6532ccdc5a3d7d2de6d999ff21?s=96&d=mm&r=g\",\"contentUrl\":\"https:\/\/secure.gravatar.com\/avatar\/9c99ee6532ccdc5a3d7d2de6d999ff21?s=96&d=mm&r=g\",\"caption\":\"admin\"},\"url\":\"https:\/\/unam.bilkent.edu.tr\/en\/author\/admin\/\"}]}<\/script>\n<!-- \/ Yoast SEO plugin. -->","yoast_head_json":{"title":"Asst. Prof. Urartu \u015eeker\u2019s Research Will be Highlighted from The Front Cover of The ACS Infectious Diseases - UNAM Nanoteknoloji Ara\u015ft\u0131rma Merkezi","robots":{"index":"index","follow":"follow","max-snippet":"max-snippet:-1","max-image-preview":"max-image-preview:large","max-video-preview":"max-video-preview:-1"},"canonical":"https:\/\/unam.bilkent.edu.tr\/en\/2022\/04\/27\/asst-prof-urartu-sekers-research-will-be-highlighted-from-the-front-cover-of-the-acs-infectious-diseases\/","og_locale":"en_US","og_type":"article","og_title":"Asst. Prof. Urartu \u015eeker\u2019s Research Will be Highlighted from The Front Cover of The ACS Infectious Diseases - UNAM Nanoteknoloji Ara\u015ft\u0131rma Merkezi","og_description":"UNAM Asst. Prof. Urartu \u00d6zg\u00fcr \u015eafak \u015eeker\u2019s preclinical study research on developing and investigating \u201cA highly Potent Sars-CoV-2 blocking lectin protein\u201d is accepted for publication and will be highlighted from [&hellip;]","og_url":"https:\/\/unam.bilkent.edu.tr\/en\/2022\/04\/27\/asst-prof-urartu-sekers-research-will-be-highlighted-from-the-front-cover-of-the-acs-infectious-diseases\/","og_site_name":"UNAM Nanoteknoloji Ara\u015ft\u0131rma Merkezi","article_published_time":"2022-04-27T06:23:51+00:00","article_modified_time":"2022-04-27T06:24:24+00:00","og_image":[{"width":720,"height":480,"url":"https:\/\/unam.bilkent.edu.tr\/en\/wp-content\/uploads\/2022\/04\/ACS-Infectious-Diseases.jpg","type":"image\/jpeg"}],"author":"admin","twitter_card":"summary_large_image","twitter_misc":{"Written by":"admin"},"schema":{"@context":"https:\/\/schema.org","@graph":[{"@type":"WebPage","@id":"https:\/\/unam.bilkent.edu.tr\/en\/2022\/04\/27\/asst-prof-urartu-sekers-research-will-be-highlighted-from-the-front-cover-of-the-acs-infectious-diseases\/","url":"https:\/\/unam.bilkent.edu.tr\/en\/2022\/04\/27\/asst-prof-urartu-sekers-research-will-be-highlighted-from-the-front-cover-of-the-acs-infectious-diseases\/","name":"Asst. Prof. Urartu \u015eeker\u2019s Research Will be Highlighted from The Front Cover of The ACS Infectious Diseases - UNAM Nanoteknoloji Ara\u015ft\u0131rma Merkezi","isPartOf":{"@id":"https:\/\/unam.bilkent.edu.tr\/en\/#website"},"datePublished":"2022-04-27T06:23:51+00:00","dateModified":"2022-04-27T06:24:24+00:00","author":{"@id":"https:\/\/unam.bilkent.edu.tr\/en\/#\/schema\/person\/9c832114a3f29eaf1c4412c949fdd368"},"breadcrumb":{"@id":"https:\/\/unam.bilkent.edu.tr\/en\/2022\/04\/27\/asst-prof-urartu-sekers-research-will-be-highlighted-from-the-front-cover-of-the-acs-infectious-diseases\/#breadcrumb"},"inLanguage":"en-US","potentialAction":[{"@type":"ReadAction","target":["https:\/\/unam.bilkent.edu.tr\/en\/2022\/04\/27\/asst-prof-urartu-sekers-research-will-be-highlighted-from-the-front-cover-of-the-acs-infectious-diseases\/"]}]},{"@type":"BreadcrumbList","@id":"https:\/\/unam.bilkent.edu.tr\/en\/2022\/04\/27\/asst-prof-urartu-sekers-research-will-be-highlighted-from-the-front-cover-of-the-acs-infectious-diseases\/#breadcrumb","itemListElement":[{"@type":"ListItem","position":1,"name":"Home","item":"https:\/\/unam.bilkent.edu.tr\/en\/"},{"@type":"ListItem","position":2,"name":"Asst. Prof. Urartu \u015eeker\u2019s Research Will be Highlighted from The Front Cover of The ACS Infectious Diseases"}]},{"@type":"WebSite","@id":"https:\/\/unam.bilkent.edu.tr\/en\/#website","url":"https:\/\/unam.bilkent.edu.tr\/en\/","name":"UNAM Nanoteknoloji Ara\u015ft\u0131rma Merkezi","description":"Bilkent UNAM","potentialAction":[{"@type":"SearchAction","target":{"@type":"EntryPoint","urlTemplate":"https:\/\/unam.bilkent.edu.tr\/en\/?s={search_term_string}"},"query-input":"required name=search_term_string"}],"inLanguage":"en-US"},{"@type":"Person","@id":"https:\/\/unam.bilkent.edu.tr\/en\/#\/schema\/person\/9c832114a3f29eaf1c4412c949fdd368","name":"admin","image":{"@type":"ImageObject","inLanguage":"en-US","@id":"https:\/\/unam.bilkent.edu.tr\/en\/#\/schema\/person\/image\/","url":"https:\/\/secure.gravatar.com\/avatar\/9c99ee6532ccdc5a3d7d2de6d999ff21?s=96&d=mm&r=g","contentUrl":"https:\/\/secure.gravatar.com\/avatar\/9c99ee6532ccdc5a3d7d2de6d999ff21?s=96&d=mm&r=g","caption":"admin"},"url":"https:\/\/unam.bilkent.edu.tr\/en\/author\/admin\/"}]}},"_links":{"self":[{"href":"https:\/\/unam.bilkent.edu.tr\/en\/wp-json\/wp\/v2\/posts\/6518","targetHints":{"allow":["GET"]}}],"collection":[{"href":"https:\/\/unam.bilkent.edu.tr\/en\/wp-json\/wp\/v2\/posts"}],"about":[{"href":"https:\/\/unam.bilkent.edu.tr\/en\/wp-json\/wp\/v2\/types\/post"}],"author":[{"embeddable":true,"href":"https:\/\/unam.bilkent.edu.tr\/en\/wp-json\/wp\/v2\/users\/1"}],"replies":[{"embeddable":true,"href":"https:\/\/unam.bilkent.edu.tr\/en\/wp-json\/wp\/v2\/comments?post=6518"}],"version-history":[{"count":1,"href":"https:\/\/unam.bilkent.edu.tr\/en\/wp-json\/wp\/v2\/posts\/6518\/revisions"}],"predecessor-version":[{"id":6521,"href":"https:\/\/unam.bilkent.edu.tr\/en\/wp-json\/wp\/v2\/posts\/6518\/revisions\/6521"}],"wp:featuredmedia":[{"embeddable":true,"href":"https:\/\/unam.bilkent.edu.tr\/en\/wp-json\/wp\/v2\/media\/6519"}],"wp:attachment":[{"href":"https:\/\/unam.bilkent.edu.tr\/en\/wp-json\/wp\/v2\/media?parent=6518"}],"wp:term":[{"taxonomy":"category","embeddable":true,"href":"https:\/\/unam.bilkent.edu.tr\/en\/wp-json\/wp\/v2\/categories?post=6518"},{"taxonomy":"post_tag","embeddable":true,"href":"https:\/\/unam.bilkent.edu.tr\/en\/wp-json\/wp\/v2\/tags?post=6518"}],"curies":[{"name":"wp","href":"https:\/\/api.w.org\/{rel}","templated":true}]}}