{"id":6540,"date":"2022-04-27T16:47:55","date_gmt":"2022-04-27T13:47:55","guid":{"rendered":"https:\/\/unam.bilkent.edu.tr\/en\/?p=6540"},"modified":"2022-04-27T16:47:55","modified_gmt":"2022-04-27T13:47:55","slug":"unam-faculty-member-assoc-prof-ferdi-karadas-has-received-the-georg-forster-research-award","status":"publish","type":"post","link":"https:\/\/unam.bilkent.edu.tr\/en\/2022\/04\/27\/unam-faculty-member-assoc-prof-ferdi-karadas-has-received-the-georg-forster-research-award\/","title":{"rendered":"UNAM Faculty Member Assoc. Prof. Ferdi Karada\u015f Has Received The Georg Forster Research Award"},"content":{"rendered":"<p>UNAM associate Assoc. Prof. Ferdi Karada\u015f has received a Georg Forster Research Award from the Alexander von Humboldt Foundation, following his nomination by Friedrich Schiller University and the Leibniz Institute for Photonic Technology in Germany. Dr. Karada\u015f was recognized for his pioneering work on the development of low-cost and robust catalytic systems for water splitting.<\/p>\n<p>The Georg Forster Research Award is given to up to six awardees annually, in recognition of a researcher\u2019s entire body of achievements to date. Academics in all disciplines whose fundamental discoveries hold promise of significant impact on their own discipline and beyond are eligible for nomination. Recipients of the award are expected to continue developing research-based solutions to the specific challenges facing transitional and developing countries.<\/p>\n<p>Award winners are invited to carry out research projects of their choosing in cooperation with experts in Germany who work in a relevant field of inquiry. Dr. Karada\u015f will be collaborating with Prof. Benjamin Dietzek-Ivan\u0161i\u0107 with the aim of elucidating the charge transfer mechanism in iron-sensitized water oxidation photoanodes.<\/p>\n","protected":false},"excerpt":{"rendered":"<p>UNAM associate Assoc. Prof. Ferdi Karada\u015f has received a Georg Forster Research Award from the Alexander von Humboldt Foundation, following his nomination by Friedrich Schiller University and the Leibniz Institute [&hellip;]<\/p>\n","protected":false},"author":1,"featured_media":6541,"comment_status":"open","ping_status":"open","sticky":false,"template":"","format":"standard","meta":{"inline_featured_image":false,"footnotes":""},"categories":[55,56],"tags":[],"class_list":["post-6540","post","type-post","status-publish","format-standard","has-post-thumbnail","hentry","category-faculty-awards-2022","category-news-2022"],"yoast_head":"<!-- This site is optimized with the Yoast SEO plugin v19.13 - https:\/\/yoast.com\/wordpress\/plugins\/seo\/ -->\n<title>UNAM Faculty Member Assoc. Prof. Ferdi Karada\u015f Has Received The Georg Forster Research Award - UNAM Nanoteknoloji Ara\u015ft\u0131rma Merkezi<\/title>\n<meta name=\"robots\" content=\"index, follow, max-snippet:-1, max-image-preview:large, max-video-preview:-1\" \/>\n<link rel=\"canonical\" href=\"https:\/\/unam.bilkent.edu.tr\/en\/2022\/04\/27\/unam-faculty-member-assoc-prof-ferdi-karadas-has-received-the-georg-forster-research-award\/\" \/>\n<meta property=\"og:locale\" content=\"en_US\" \/>\n<meta property=\"og:type\" content=\"article\" \/>\n<meta property=\"og:title\" content=\"UNAM Faculty Member Assoc. Prof. Ferdi Karada\u015f Has Received The Georg Forster Research Award - UNAM Nanoteknoloji Ara\u015ft\u0131rma Merkezi\" \/>\n<meta property=\"og:description\" content=\"UNAM associate Assoc. Prof. Ferdi Karada\u015f has received a Georg Forster Research Award from the Alexander von Humboldt Foundation, following his nomination by Friedrich Schiller University and the Leibniz Institute [&hellip;]\" \/>\n<meta property=\"og:url\" content=\"https:\/\/unam.bilkent.edu.tr\/en\/2022\/04\/27\/unam-faculty-member-assoc-prof-ferdi-karadas-has-received-the-georg-forster-research-award\/\" \/>\n<meta property=\"og:site_name\" content=\"UNAM Nanoteknoloji Ara\u015ft\u0131rma Merkezi\" \/>\n<meta property=\"article:published_time\" content=\"2022-04-27T13:47:55+00:00\" \/>\n<meta property=\"og:image\" content=\"https:\/\/unam.bilkent.edu.tr\/en\/wp-content\/uploads\/2022\/04\/ferdi-karadas.jpg\" \/>\n\t<meta property=\"og:image:width\" content=\"720\" \/>\n\t<meta property=\"og:image:height\" content=\"480\" \/>\n\t<meta property=\"og:image:type\" content=\"image\/jpeg\" \/>\n<meta name=\"author\" content=\"admin\" \/>\n<meta name=\"twitter:card\" content=\"summary_large_image\" \/>\n<meta name=\"twitter:label1\" content=\"Written by\" \/>\n\t<meta name=\"twitter:data1\" content=\"admin\" \/>\n\t<meta name=\"twitter:label2\" content=\"Est. reading time\" \/>\n\t<meta name=\"twitter:data2\" content=\"1 minute\" \/>\n<script type=\"application\/ld+json\" class=\"yoast-schema-graph\">{\"@context\":\"https:\/\/schema.org\",\"@graph\":[{\"@type\":\"WebPage\",\"@id\":\"https:\/\/unam.bilkent.edu.tr\/en\/2022\/04\/27\/unam-faculty-member-assoc-prof-ferdi-karadas-has-received-the-georg-forster-research-award\/\",\"url\":\"https:\/\/unam.bilkent.edu.tr\/en\/2022\/04\/27\/unam-faculty-member-assoc-prof-ferdi-karadas-has-received-the-georg-forster-research-award\/\",\"name\":\"UNAM Faculty Member Assoc. Prof. Ferdi Karada\u015f Has Received The Georg Forster Research Award - UNAM Nanoteknoloji Ara\u015ft\u0131rma Merkezi\",\"isPartOf\":{\"@id\":\"https:\/\/unam.bilkent.edu.tr\/en\/#website\"},\"datePublished\":\"2022-04-27T13:47:55+00:00\",\"dateModified\":\"2022-04-27T13:47:55+00:00\",\"author\":{\"@id\":\"https:\/\/unam.bilkent.edu.tr\/en\/#\/schema\/person\/9c832114a3f29eaf1c4412c949fdd368\"},\"breadcrumb\":{\"@id\":\"https:\/\/unam.bilkent.edu.tr\/en\/2022\/04\/27\/unam-faculty-member-assoc-prof-ferdi-karadas-has-received-the-georg-forster-research-award\/#breadcrumb\"},\"inLanguage\":\"en-US\",\"potentialAction\":[{\"@type\":\"ReadAction\",\"target\":[\"https:\/\/unam.bilkent.edu.tr\/en\/2022\/04\/27\/unam-faculty-member-assoc-prof-ferdi-karadas-has-received-the-georg-forster-research-award\/\"]}]},{\"@type\":\"BreadcrumbList\",\"@id\":\"https:\/\/unam.bilkent.edu.tr\/en\/2022\/04\/27\/unam-faculty-member-assoc-prof-ferdi-karadas-has-received-the-georg-forster-research-award\/#breadcrumb\",\"itemListElement\":[{\"@type\":\"ListItem\",\"position\":1,\"name\":\"Home\",\"item\":\"https:\/\/unam.bilkent.edu.tr\/en\/\"},{\"@type\":\"ListItem\",\"position\":2,\"name\":\"UNAM Faculty Member Assoc. Prof. Ferdi Karada\u015f Has Received The Georg Forster Research Award\"}]},{\"@type\":\"WebSite\",\"@id\":\"https:\/\/unam.bilkent.edu.tr\/en\/#website\",\"url\":\"https:\/\/unam.bilkent.edu.tr\/en\/\",\"name\":\"UNAM Nanoteknoloji Ara\u015ft\u0131rma Merkezi\",\"description\":\"Bilkent UNAM\",\"potentialAction\":[{\"@type\":\"SearchAction\",\"target\":{\"@type\":\"EntryPoint\",\"urlTemplate\":\"https:\/\/unam.bilkent.edu.tr\/en\/?s={search_term_string}\"},\"query-input\":\"required name=search_term_string\"}],\"inLanguage\":\"en-US\"},{\"@type\":\"Person\",\"@id\":\"https:\/\/unam.bilkent.edu.tr\/en\/#\/schema\/person\/9c832114a3f29eaf1c4412c949fdd368\",\"name\":\"admin\",\"image\":{\"@type\":\"ImageObject\",\"inLanguage\":\"en-US\",\"@id\":\"https:\/\/unam.bilkent.edu.tr\/en\/#\/schema\/person\/image\/\",\"url\":\"https:\/\/secure.gravatar.com\/avatar\/9c99ee6532ccdc5a3d7d2de6d999ff21?s=96&d=mm&r=g\",\"contentUrl\":\"https:\/\/secure.gravatar.com\/avatar\/9c99ee6532ccdc5a3d7d2de6d999ff21?s=96&d=mm&r=g\",\"caption\":\"admin\"},\"url\":\"https:\/\/unam.bilkent.edu.tr\/en\/author\/admin\/\"}]}<\/script>\n<!-- \/ Yoast SEO plugin. -->","yoast_head_json":{"title":"UNAM Faculty Member Assoc. Prof. Ferdi Karada\u015f Has Received The Georg Forster Research Award - UNAM Nanoteknoloji Ara\u015ft\u0131rma Merkezi","robots":{"index":"index","follow":"follow","max-snippet":"max-snippet:-1","max-image-preview":"max-image-preview:large","max-video-preview":"max-video-preview:-1"},"canonical":"https:\/\/unam.bilkent.edu.tr\/en\/2022\/04\/27\/unam-faculty-member-assoc-prof-ferdi-karadas-has-received-the-georg-forster-research-award\/","og_locale":"en_US","og_type":"article","og_title":"UNAM Faculty Member Assoc. Prof. Ferdi Karada\u015f Has Received The Georg Forster Research Award - UNAM Nanoteknoloji Ara\u015ft\u0131rma Merkezi","og_description":"UNAM associate Assoc. Prof. Ferdi Karada\u015f has received a Georg Forster Research Award from the Alexander von Humboldt Foundation, following his nomination by Friedrich Schiller University and the Leibniz Institute [&hellip;]","og_url":"https:\/\/unam.bilkent.edu.tr\/en\/2022\/04\/27\/unam-faculty-member-assoc-prof-ferdi-karadas-has-received-the-georg-forster-research-award\/","og_site_name":"UNAM Nanoteknoloji Ara\u015ft\u0131rma Merkezi","article_published_time":"2022-04-27T13:47:55+00:00","og_image":[{"width":720,"height":480,"url":"https:\/\/unam.bilkent.edu.tr\/en\/wp-content\/uploads\/2022\/04\/ferdi-karadas.jpg","type":"image\/jpeg"}],"author":"admin","twitter_card":"summary_large_image","twitter_misc":{"Written by":"admin","Est. reading time":"1 minute"},"schema":{"@context":"https:\/\/schema.org","@graph":[{"@type":"WebPage","@id":"https:\/\/unam.bilkent.edu.tr\/en\/2022\/04\/27\/unam-faculty-member-assoc-prof-ferdi-karadas-has-received-the-georg-forster-research-award\/","url":"https:\/\/unam.bilkent.edu.tr\/en\/2022\/04\/27\/unam-faculty-member-assoc-prof-ferdi-karadas-has-received-the-georg-forster-research-award\/","name":"UNAM Faculty Member Assoc. Prof. Ferdi Karada\u015f Has Received The Georg Forster Research Award - UNAM Nanoteknoloji Ara\u015ft\u0131rma Merkezi","isPartOf":{"@id":"https:\/\/unam.bilkent.edu.tr\/en\/#website"},"datePublished":"2022-04-27T13:47:55+00:00","dateModified":"2022-04-27T13:47:55+00:00","author":{"@id":"https:\/\/unam.bilkent.edu.tr\/en\/#\/schema\/person\/9c832114a3f29eaf1c4412c949fdd368"},"breadcrumb":{"@id":"https:\/\/unam.bilkent.edu.tr\/en\/2022\/04\/27\/unam-faculty-member-assoc-prof-ferdi-karadas-has-received-the-georg-forster-research-award\/#breadcrumb"},"inLanguage":"en-US","potentialAction":[{"@type":"ReadAction","target":["https:\/\/unam.bilkent.edu.tr\/en\/2022\/04\/27\/unam-faculty-member-assoc-prof-ferdi-karadas-has-received-the-georg-forster-research-award\/"]}]},{"@type":"BreadcrumbList","@id":"https:\/\/unam.bilkent.edu.tr\/en\/2022\/04\/27\/unam-faculty-member-assoc-prof-ferdi-karadas-has-received-the-georg-forster-research-award\/#breadcrumb","itemListElement":[{"@type":"ListItem","position":1,"name":"Home","item":"https:\/\/unam.bilkent.edu.tr\/en\/"},{"@type":"ListItem","position":2,"name":"UNAM Faculty Member Assoc. Prof. Ferdi Karada\u015f Has Received The Georg Forster Research Award"}]},{"@type":"WebSite","@id":"https:\/\/unam.bilkent.edu.tr\/en\/#website","url":"https:\/\/unam.bilkent.edu.tr\/en\/","name":"UNAM Nanoteknoloji Ara\u015ft\u0131rma Merkezi","description":"Bilkent UNAM","potentialAction":[{"@type":"SearchAction","target":{"@type":"EntryPoint","urlTemplate":"https:\/\/unam.bilkent.edu.tr\/en\/?s={search_term_string}"},"query-input":"required name=search_term_string"}],"inLanguage":"en-US"},{"@type":"Person","@id":"https:\/\/unam.bilkent.edu.tr\/en\/#\/schema\/person\/9c832114a3f29eaf1c4412c949fdd368","name":"admin","image":{"@type":"ImageObject","inLanguage":"en-US","@id":"https:\/\/unam.bilkent.edu.tr\/en\/#\/schema\/person\/image\/","url":"https:\/\/secure.gravatar.com\/avatar\/9c99ee6532ccdc5a3d7d2de6d999ff21?s=96&d=mm&r=g","contentUrl":"https:\/\/secure.gravatar.com\/avatar\/9c99ee6532ccdc5a3d7d2de6d999ff21?s=96&d=mm&r=g","caption":"admin"},"url":"https:\/\/unam.bilkent.edu.tr\/en\/author\/admin\/"}]}},"_links":{"self":[{"href":"https:\/\/unam.bilkent.edu.tr\/en\/wp-json\/wp\/v2\/posts\/6540","targetHints":{"allow":["GET"]}}],"collection":[{"href":"https:\/\/unam.bilkent.edu.tr\/en\/wp-json\/wp\/v2\/posts"}],"about":[{"href":"https:\/\/unam.bilkent.edu.tr\/en\/wp-json\/wp\/v2\/types\/post"}],"author":[{"embeddable":true,"href":"https:\/\/unam.bilkent.edu.tr\/en\/wp-json\/wp\/v2\/users\/1"}],"replies":[{"embeddable":true,"href":"https:\/\/unam.bilkent.edu.tr\/en\/wp-json\/wp\/v2\/comments?post=6540"}],"version-history":[{"count":1,"href":"https:\/\/unam.bilkent.edu.tr\/en\/wp-json\/wp\/v2\/posts\/6540\/revisions"}],"predecessor-version":[{"id":6542,"href":"https:\/\/unam.bilkent.edu.tr\/en\/wp-json\/wp\/v2\/posts\/6540\/revisions\/6542"}],"wp:featuredmedia":[{"embeddable":true,"href":"https:\/\/unam.bilkent.edu.tr\/en\/wp-json\/wp\/v2\/media\/6541"}],"wp:attachment":[{"href":"https:\/\/unam.bilkent.edu.tr\/en\/wp-json\/wp\/v2\/media?parent=6540"}],"wp:term":[{"taxonomy":"category","embeddable":true,"href":"https:\/\/unam.bilkent.edu.tr\/en\/wp-json\/wp\/v2\/categories?post=6540"},{"taxonomy":"post_tag","embeddable":true,"href":"https:\/\/unam.bilkent.edu.tr\/en\/wp-json\/wp\/v2\/tags?post=6540"}],"curies":[{"name":"wp","href":"https:\/\/api.w.org\/{rel}","templated":true}]}}