{"id":9725,"date":"2025-03-28T09:03:23","date_gmt":"2025-03-28T06:03:23","guid":{"rendered":"https:\/\/unam.bilkent.edu.tr\/en\/?p=9725"},"modified":"2025-03-28T09:03:23","modified_gmt":"2025-03-28T06:03:23","slug":"international-gathering-on-functional-materials-and-nanotechnology-at-unam","status":"publish","type":"post","link":"https:\/\/unam.bilkent.edu.tr\/en\/2025\/03\/28\/international-gathering-on-functional-materials-and-nanotechnology-at-unam\/","title":{"rendered":"International Gathering on Functional Materials and Nanotechnology at UNAM"},"content":{"rendered":"<p>Bilkent University National Nanotechnology Research Center (UNAM) and the University of Twente\u2019s MESA+ Institute jointly organized the &#8220;Bilkent University UNAM and University of Twente MESA+: Functional Materials and Nanotechnology Workshop 2025&#8221; on March 19-20, 2025. Aimed at strengthening scientific ties between the two countries and fostering knowledge exchange, the event brought together leading academics and researchers in materials science and nanotechnology.<\/p>\n<p>Following the opening remarks by Director of UNAM and Chair of the MSN Institute Prof. Hilmi Volkan Demir and Scientific Director of the MESA+ Institute Prof. Hans Hilgenkamp, Bilkent University Rector Prof. K\u00fcr\u015fat Aydo\u011fan and the Ambassador of the Netherlands to Turkey, H.E. Joep Wijnands, also addressed the participants. Rector Aydo\u011fan emphasized the significant contributions of international research partnerships to science, noting that with its advanced infrastructure and multidisciplinary approach, UNAM has become a globally competitive research center. He expressed confidence that this workshop would pave the way for international collaborations under programs like the European Union&#8217;s framework initiatives. As the guest of honor, Ambassador Wijnands highlighted the value of scientific collaboration between the two countries. He expressed his belief that such events greatly contribute to strengthening joint efforts and deepening scientific dialogue, underscoring his confidence in the continuity of this partnership.<\/p>\n<p>Throughout the two-day event, experts delivered presentations on a wide range of topics, including nanobiotechnology, nanoelectronics, nanomedicine, nanophotonics, micro-nanoelectronics, and quantum technologies. Speakers included Dr. Ivana Qianqi Lin and Prof. Muharrem Bayraktar from the MESA+ Institute, as well as Asst. Prof. Wonmi Ahn, Assoc. Prof. Bilge Baytekin, Assoc. Prof. Engin Durgun, Asst. Prof. Aykut Erba\u015f, Assoc. Prof. Yegan Erdem, Asst. Prof. Fatih \u0130nci, Assoc. Prof. Selim Hanay, Asst. Prof. Mustafa Ordu, Asst. Prof. Emre Ozan Polat, Asst. Prof. Talip Serkan Kas\u0131rga, and Dr. G\u00fcrkan Ye\u015fil\u00f6z from UNAM, who shared their insights and experiences with the participants.<\/p>\n<p>The multidisciplinary platform provided by UNAM and the MESA+ Institute not only facilitated the exchange of knowledge among researchers but also allowed for special sessions to explore opportunities for scientific collaboration. Furthermore, significant steps were taken toward enhancing partnerships in international research projects, particularly within the framework of the European Union\u2019s programs.<\/p>\n<div id='gallery-1' class='gallery galleryid-9725 gallery-columns-3 gallery-size-thumbnail'><figure class='gallery-item'>\n\t\t\t<div class='gallery-icon landscape'>\n\t\t\t\t<a href='https:\/\/unam.bilkent.edu.tr\/en\/2025\/03\/28\/international-gathering-on-functional-materials-and-nanotechnology-at-unam\/mesa-6\/'><img loading=\"lazy\" decoding=\"async\" width=\"150\" height=\"150\" src=\"https:\/\/unam.bilkent.edu.tr\/en\/wp-content\/uploads\/2025\/03\/mesa-6-150x150.jpg\" class=\"attachment-thumbnail size-thumbnail\" alt=\"\" \/><\/a>\n\t\t\t<\/div><\/figure><figure class='gallery-item'>\n\t\t\t<div class='gallery-icon landscape'>\n\t\t\t\t<a href='https:\/\/unam.bilkent.edu.tr\/en\/2025\/03\/28\/international-gathering-on-functional-materials-and-nanotechnology-at-unam\/mesa1\/'><img loading=\"lazy\" decoding=\"async\" width=\"150\" height=\"150\" src=\"https:\/\/unam.bilkent.edu.tr\/en\/wp-content\/uploads\/2025\/03\/mesa1-150x150.jpg\" class=\"attachment-thumbnail size-thumbnail\" alt=\"\" srcset=\"https:\/\/unam.bilkent.edu.tr\/en\/wp-content\/uploads\/2025\/03\/mesa1-150x150.jpg 150w, https:\/\/unam.bilkent.edu.tr\/en\/wp-content\/uploads\/2025\/03\/elementor\/thumbs\/mesa1-r3ifqoi2dd06nwwqb45org8r1sq47rf3u4xpqq54lk.jpg 500w\" sizes=\"auto, (max-width: 150px) 100vw, 150px\" \/><\/a>\n\t\t\t<\/div><\/figure><figure class='gallery-item'>\n\t\t\t<div class='gallery-icon landscape'>\n\t\t\t\t<a href='https:\/\/unam.bilkent.edu.tr\/en\/2025\/03\/28\/international-gathering-on-functional-materials-and-nanotechnology-at-unam\/mesa-5\/'><img loading=\"lazy\" decoding=\"async\" width=\"150\" height=\"150\" src=\"https:\/\/unam.bilkent.edu.tr\/en\/wp-content\/uploads\/2025\/03\/mesa-5-150x150.jpg\" class=\"attachment-thumbnail size-thumbnail\" alt=\"\" \/><\/a>\n\t\t\t<\/div><\/figure><figure class='gallery-item'>\n\t\t\t<div class='gallery-icon landscape'>\n\t\t\t\t<a href='https:\/\/unam.bilkent.edu.tr\/en\/2025\/03\/28\/international-gathering-on-functional-materials-and-nanotechnology-at-unam\/mesa-4\/'><img loading=\"lazy\" decoding=\"async\" width=\"150\" height=\"150\" src=\"https:\/\/unam.bilkent.edu.tr\/en\/wp-content\/uploads\/2025\/03\/mesa-4-150x150.jpg\" class=\"attachment-thumbnail size-thumbnail\" alt=\"\" \/><\/a>\n\t\t\t<\/div><\/figure><figure class='gallery-item'>\n\t\t\t<div class='gallery-icon landscape'>\n\t\t\t\t<a href='https:\/\/unam.bilkent.edu.tr\/en\/2025\/03\/28\/international-gathering-on-functional-materials-and-nanotechnology-at-unam\/mesa-3\/'><img loading=\"lazy\" decoding=\"async\" width=\"150\" height=\"150\" src=\"https:\/\/unam.bilkent.edu.tr\/en\/wp-content\/uploads\/2025\/03\/mesa-3-150x150.jpg\" class=\"attachment-thumbnail size-thumbnail\" alt=\"\" \/><\/a>\n\t\t\t<\/div><\/figure><figure class='gallery-item'>\n\t\t\t<div class='gallery-icon landscape'>\n\t\t\t\t<a href='https:\/\/unam.bilkent.edu.tr\/en\/2025\/03\/28\/international-gathering-on-functional-materials-and-nanotechnology-at-unam\/mesa-2\/'><img loading=\"lazy\" decoding=\"async\" width=\"150\" height=\"150\" src=\"https:\/\/unam.bilkent.edu.tr\/en\/wp-content\/uploads\/2025\/03\/mesa-2-150x150.jpg\" class=\"attachment-thumbnail size-thumbnail\" alt=\"\" \/><\/a>\n\t\t\t<\/div><\/figure>\n\t\t<\/div>\n\n","protected":false},"excerpt":{"rendered":"<p>Bilkent University National Nanotechnology Research Center (UNAM) and the University of Twente\u2019s MESA+ Institute jointly organized the &#8220;Bilkent University UNAM and University of Twente MESA+: Functional Materials and Nanotechnology Workshop [&hellip;]<\/p>\n","protected":false},"author":1,"featured_media":9726,"comment_status":"open","ping_status":"open","sticky":false,"template":"","format":"standard","meta":{"inline_featured_image":false,"footnotes":""},"categories":[74],"tags":[],"class_list":["post-9725","post","type-post","status-publish","format-standard","has-post-thumbnail","hentry","category-2025-news"],"yoast_head":"<!-- This site is optimized with the Yoast SEO plugin v19.13 - https:\/\/yoast.com\/wordpress\/plugins\/seo\/ -->\n<title>International Gathering on Functional Materials and Nanotechnology at UNAM - UNAM Nanoteknoloji Ara\u015ft\u0131rma Merkezi<\/title>\n<meta name=\"robots\" content=\"index, follow, max-snippet:-1, max-image-preview:large, max-video-preview:-1\" \/>\n<link rel=\"canonical\" href=\"https:\/\/unam.bilkent.edu.tr\/en\/2025\/03\/28\/international-gathering-on-functional-materials-and-nanotechnology-at-unam\/\" \/>\n<meta property=\"og:locale\" content=\"en_US\" \/>\n<meta property=\"og:type\" content=\"article\" \/>\n<meta property=\"og:title\" content=\"International Gathering on Functional Materials and Nanotechnology at UNAM - UNAM Nanoteknoloji Ara\u015ft\u0131rma Merkezi\" \/>\n<meta property=\"og:description\" content=\"Bilkent University National Nanotechnology Research Center (UNAM) and the University of Twente\u2019s MESA+ Institute jointly organized the &#8220;Bilkent University UNAM and University of Twente MESA+: Functional Materials and Nanotechnology Workshop [&hellip;]\" \/>\n<meta property=\"og:url\" content=\"https:\/\/unam.bilkent.edu.tr\/en\/2025\/03\/28\/international-gathering-on-functional-materials-and-nanotechnology-at-unam\/\" \/>\n<meta property=\"og:site_name\" content=\"UNAM Nanoteknoloji Ara\u015ft\u0131rma Merkezi\" \/>\n<meta property=\"article:published_time\" content=\"2025-03-28T06:03:23+00:00\" \/>\n<meta property=\"og:image\" content=\"https:\/\/unam.bilkent.edu.tr\/en\/wp-content\/uploads\/2025\/03\/mesa1.jpg\" \/>\n\t<meta property=\"og:image:width\" content=\"1080\" \/>\n\t<meta property=\"og:image:height\" content=\"720\" \/>\n\t<meta property=\"og:image:type\" content=\"image\/jpeg\" \/>\n<meta name=\"author\" content=\"admin\" \/>\n<meta name=\"twitter:card\" content=\"summary_large_image\" \/>\n<meta name=\"twitter:label1\" content=\"Written by\" \/>\n\t<meta name=\"twitter:data1\" content=\"admin\" \/>\n\t<meta name=\"twitter:label2\" content=\"Est. reading time\" \/>\n\t<meta name=\"twitter:data2\" content=\"2 minutes\" \/>\n<script type=\"application\/ld+json\" class=\"yoast-schema-graph\">{\"@context\":\"https:\/\/schema.org\",\"@graph\":[{\"@type\":\"WebPage\",\"@id\":\"https:\/\/unam.bilkent.edu.tr\/en\/2025\/03\/28\/international-gathering-on-functional-materials-and-nanotechnology-at-unam\/\",\"url\":\"https:\/\/unam.bilkent.edu.tr\/en\/2025\/03\/28\/international-gathering-on-functional-materials-and-nanotechnology-at-unam\/\",\"name\":\"International Gathering on Functional Materials and Nanotechnology at UNAM - UNAM Nanoteknoloji Ara\u015ft\u0131rma Merkezi\",\"isPartOf\":{\"@id\":\"https:\/\/unam.bilkent.edu.tr\/en\/#website\"},\"datePublished\":\"2025-03-28T06:03:23+00:00\",\"dateModified\":\"2025-03-28T06:03:23+00:00\",\"author\":{\"@id\":\"https:\/\/unam.bilkent.edu.tr\/en\/#\/schema\/person\/9c832114a3f29eaf1c4412c949fdd368\"},\"breadcrumb\":{\"@id\":\"https:\/\/unam.bilkent.edu.tr\/en\/2025\/03\/28\/international-gathering-on-functional-materials-and-nanotechnology-at-unam\/#breadcrumb\"},\"inLanguage\":\"en-US\",\"potentialAction\":[{\"@type\":\"ReadAction\",\"target\":[\"https:\/\/unam.bilkent.edu.tr\/en\/2025\/03\/28\/international-gathering-on-functional-materials-and-nanotechnology-at-unam\/\"]}]},{\"@type\":\"BreadcrumbList\",\"@id\":\"https:\/\/unam.bilkent.edu.tr\/en\/2025\/03\/28\/international-gathering-on-functional-materials-and-nanotechnology-at-unam\/#breadcrumb\",\"itemListElement\":[{\"@type\":\"ListItem\",\"position\":1,\"name\":\"Home\",\"item\":\"https:\/\/unam.bilkent.edu.tr\/en\/\"},{\"@type\":\"ListItem\",\"position\":2,\"name\":\"International Gathering on Functional Materials and Nanotechnology at UNAM\"}]},{\"@type\":\"WebSite\",\"@id\":\"https:\/\/unam.bilkent.edu.tr\/en\/#website\",\"url\":\"https:\/\/unam.bilkent.edu.tr\/en\/\",\"name\":\"UNAM Nanoteknoloji Ara\u015ft\u0131rma Merkezi\",\"description\":\"Bilkent UNAM\",\"potentialAction\":[{\"@type\":\"SearchAction\",\"target\":{\"@type\":\"EntryPoint\",\"urlTemplate\":\"https:\/\/unam.bilkent.edu.tr\/en\/?s={search_term_string}\"},\"query-input\":\"required name=search_term_string\"}],\"inLanguage\":\"en-US\"},{\"@type\":\"Person\",\"@id\":\"https:\/\/unam.bilkent.edu.tr\/en\/#\/schema\/person\/9c832114a3f29eaf1c4412c949fdd368\",\"name\":\"admin\",\"image\":{\"@type\":\"ImageObject\",\"inLanguage\":\"en-US\",\"@id\":\"https:\/\/unam.bilkent.edu.tr\/en\/#\/schema\/person\/image\/\",\"url\":\"https:\/\/secure.gravatar.com\/avatar\/9c99ee6532ccdc5a3d7d2de6d999ff21?s=96&d=mm&r=g\",\"contentUrl\":\"https:\/\/secure.gravatar.com\/avatar\/9c99ee6532ccdc5a3d7d2de6d999ff21?s=96&d=mm&r=g\",\"caption\":\"admin\"},\"url\":\"https:\/\/unam.bilkent.edu.tr\/en\/author\/admin\/\"}]}<\/script>\n<!-- \/ Yoast SEO plugin. -->","yoast_head_json":{"title":"International Gathering on Functional Materials and Nanotechnology at UNAM - UNAM Nanoteknoloji Ara\u015ft\u0131rma Merkezi","robots":{"index":"index","follow":"follow","max-snippet":"max-snippet:-1","max-image-preview":"max-image-preview:large","max-video-preview":"max-video-preview:-1"},"canonical":"https:\/\/unam.bilkent.edu.tr\/en\/2025\/03\/28\/international-gathering-on-functional-materials-and-nanotechnology-at-unam\/","og_locale":"en_US","og_type":"article","og_title":"International Gathering on Functional Materials and Nanotechnology at UNAM - UNAM Nanoteknoloji Ara\u015ft\u0131rma Merkezi","og_description":"Bilkent University National Nanotechnology Research Center (UNAM) and the University of Twente\u2019s MESA+ Institute jointly organized the &#8220;Bilkent University UNAM and University of Twente MESA+: Functional Materials and Nanotechnology Workshop [&hellip;]","og_url":"https:\/\/unam.bilkent.edu.tr\/en\/2025\/03\/28\/international-gathering-on-functional-materials-and-nanotechnology-at-unam\/","og_site_name":"UNAM Nanoteknoloji Ara\u015ft\u0131rma Merkezi","article_published_time":"2025-03-28T06:03:23+00:00","og_image":[{"width":1080,"height":720,"url":"https:\/\/unam.bilkent.edu.tr\/en\/wp-content\/uploads\/2025\/03\/mesa1.jpg","type":"image\/jpeg"}],"author":"admin","twitter_card":"summary_large_image","twitter_misc":{"Written by":"admin","Est. reading time":"2 minutes"},"schema":{"@context":"https:\/\/schema.org","@graph":[{"@type":"WebPage","@id":"https:\/\/unam.bilkent.edu.tr\/en\/2025\/03\/28\/international-gathering-on-functional-materials-and-nanotechnology-at-unam\/","url":"https:\/\/unam.bilkent.edu.tr\/en\/2025\/03\/28\/international-gathering-on-functional-materials-and-nanotechnology-at-unam\/","name":"International Gathering on Functional Materials and Nanotechnology at UNAM - UNAM Nanoteknoloji Ara\u015ft\u0131rma Merkezi","isPartOf":{"@id":"https:\/\/unam.bilkent.edu.tr\/en\/#website"},"datePublished":"2025-03-28T06:03:23+00:00","dateModified":"2025-03-28T06:03:23+00:00","author":{"@id":"https:\/\/unam.bilkent.edu.tr\/en\/#\/schema\/person\/9c832114a3f29eaf1c4412c949fdd368"},"breadcrumb":{"@id":"https:\/\/unam.bilkent.edu.tr\/en\/2025\/03\/28\/international-gathering-on-functional-materials-and-nanotechnology-at-unam\/#breadcrumb"},"inLanguage":"en-US","potentialAction":[{"@type":"ReadAction","target":["https:\/\/unam.bilkent.edu.tr\/en\/2025\/03\/28\/international-gathering-on-functional-materials-and-nanotechnology-at-unam\/"]}]},{"@type":"BreadcrumbList","@id":"https:\/\/unam.bilkent.edu.tr\/en\/2025\/03\/28\/international-gathering-on-functional-materials-and-nanotechnology-at-unam\/#breadcrumb","itemListElement":[{"@type":"ListItem","position":1,"name":"Home","item":"https:\/\/unam.bilkent.edu.tr\/en\/"},{"@type":"ListItem","position":2,"name":"International Gathering on Functional Materials and Nanotechnology at UNAM"}]},{"@type":"WebSite","@id":"https:\/\/unam.bilkent.edu.tr\/en\/#website","url":"https:\/\/unam.bilkent.edu.tr\/en\/","name":"UNAM Nanoteknoloji Ara\u015ft\u0131rma Merkezi","description":"Bilkent UNAM","potentialAction":[{"@type":"SearchAction","target":{"@type":"EntryPoint","urlTemplate":"https:\/\/unam.bilkent.edu.tr\/en\/?s={search_term_string}"},"query-input":"required name=search_term_string"}],"inLanguage":"en-US"},{"@type":"Person","@id":"https:\/\/unam.bilkent.edu.tr\/en\/#\/schema\/person\/9c832114a3f29eaf1c4412c949fdd368","name":"admin","image":{"@type":"ImageObject","inLanguage":"en-US","@id":"https:\/\/unam.bilkent.edu.tr\/en\/#\/schema\/person\/image\/","url":"https:\/\/secure.gravatar.com\/avatar\/9c99ee6532ccdc5a3d7d2de6d999ff21?s=96&d=mm&r=g","contentUrl":"https:\/\/secure.gravatar.com\/avatar\/9c99ee6532ccdc5a3d7d2de6d999ff21?s=96&d=mm&r=g","caption":"admin"},"url":"https:\/\/unam.bilkent.edu.tr\/en\/author\/admin\/"}]}},"_links":{"self":[{"href":"https:\/\/unam.bilkent.edu.tr\/en\/wp-json\/wp\/v2\/posts\/9725","targetHints":{"allow":["GET"]}}],"collection":[{"href":"https:\/\/unam.bilkent.edu.tr\/en\/wp-json\/wp\/v2\/posts"}],"about":[{"href":"https:\/\/unam.bilkent.edu.tr\/en\/wp-json\/wp\/v2\/types\/post"}],"author":[{"embeddable":true,"href":"https:\/\/unam.bilkent.edu.tr\/en\/wp-json\/wp\/v2\/users\/1"}],"replies":[{"embeddable":true,"href":"https:\/\/unam.bilkent.edu.tr\/en\/wp-json\/wp\/v2\/comments?post=9725"}],"version-history":[{"count":1,"href":"https:\/\/unam.bilkent.edu.tr\/en\/wp-json\/wp\/v2\/posts\/9725\/revisions"}],"predecessor-version":[{"id":9732,"href":"https:\/\/unam.bilkent.edu.tr\/en\/wp-json\/wp\/v2\/posts\/9725\/revisions\/9732"}],"wp:featuredmedia":[{"embeddable":true,"href":"https:\/\/unam.bilkent.edu.tr\/en\/wp-json\/wp\/v2\/media\/9726"}],"wp:attachment":[{"href":"https:\/\/unam.bilkent.edu.tr\/en\/wp-json\/wp\/v2\/media?parent=9725"}],"wp:term":[{"taxonomy":"category","embeddable":true,"href":"https:\/\/unam.bilkent.edu.tr\/en\/wp-json\/wp\/v2\/categories?post=9725"},{"taxonomy":"post_tag","embeddable":true,"href":"https:\/\/unam.bilkent.edu.tr\/en\/wp-json\/wp\/v2\/tags?post=9725"}],"curies":[{"name":"wp","href":"https:\/\/api.w.org\/{rel}","templated":true}]}}